{"id":4578,"date":"2013-10-23T11:46:31","date_gmt":"2013-10-23T14:46:31","guid":{"rendered":"http:\/\/anprotec.org.br\/site\/?p=4578"},"modified":"2013-10-23T18:04:50","modified_gmt":"2013-10-23T21:04:50","slug":"anprotec-participa-da-semana-nacional-de-ciencia-e-tecnologia","status":"publish","type":"post","link":"https:\/\/anprotec.org.br\/site\/2013\/10\/anprotec-participa-da-semana-nacional-de-ciencia-e-tecnologia\/","title":{"rendered":"<!--:pt-->Anprotec participa da Semana Nacional de C&#038;T<!--:-->"},"content":{"rendered":"<p><!--:pt--><\/p>\n<p dir=\"ltr\" style=\"text-align: justify;\"><img decoding=\"async\" loading=\"lazy\" class=\"alignleft size-thumbnail wp-image-4583\" alt=\"foto\" src=\"https:\/\/anprotec.org.br\/site\/wp-content\/uploads\/2013\/10\/foto-270x160.jpg\" width=\"270\" height=\"160\" \/>De 21 a 27 de outubro, diversas cidades brasileiras recebem a Semana Nacional de Ci\u00eancia e Tecnologia. Promovido pelo Minist\u00e9rio da Ci\u00eancia, Tecnologia e Inova\u00e7\u00e3o (MCTI), o evento tem por objetivo mobilizar a popula\u00e7\u00e3o, em especial crian\u00e7as e jovens, em torno de tem\u00e1ticas e atividades relacionadas a Ci\u00eancia e Tecnologia (C&amp;T), valorizando a criatividade, a atitude cient\u00edfica e a inova\u00e7\u00e3o.<\/p>\n<p dir=\"ltr\" style=\"text-align: justify;\">A programa\u00e7\u00e3o acontece em todo o pa\u00eds. Em Bras\u00edlia (DF), a maioria das atividades \u00e9 realizada no Pavilh\u00e3o de Exposi\u00e7\u00f5es do Parque da Cidade (ExpoBras\u00edlia), que conta com 72 estandes distribu\u00eddos em uma \u00e1rea de 30 mil metros quadrados. Um desses estandes \u00e9 da Anprotec, que participa do evento para disseminar a cultura do empreendedorismo inovador. \u201cO objetivo da nossa participa\u00e7\u00e3o \u00e9 promover a divulga\u00e7\u00e3o da ci\u00eancia, da tecnologia e do empreendedorismo, como instrumentos para a gera\u00e7\u00e3o de riquezas para o pa\u00eds, principalmente nas \u00e1reas que s\u00e3o foco da Semana neste ano: esporte e sa\u00fade\u201d, afirma a superintendente executiva da Anprotec, Sheila Oliveira Pires.<\/p>\n<p dir=\"ltr\" style=\"text-align: justify;\">No espa\u00e7o da Associa\u00e7\u00e3o, os visitantes &#8211; maior parte estudantes de Ensino Fundamental e M\u00e9dio &#8211; recebem explica\u00e7\u00f5es sobre as atividades promovidas pela Anprotec e a atua\u00e7\u00e3o de parques tecnol\u00f3gicos e incubadoras de empresas. Tamb\u00e9m est\u00e3o sendo distribu\u00eddos folders e publica\u00e7\u00f5es institucionais, como as revistas Locus e Locus Cient\u00edfico.<\/p>\n<p><!--:--><\/p>\n","protected":false},"excerpt":{"rendered":"<p><!--:pt-->No espa\u00e7o da Associa\u00e7\u00e3o, os visitantes recebem explica\u00e7\u00f5es sobre as atividades promovidas pela Anprotec e a atua\u00e7\u00e3o de parques tecnol\u00f3gicos e incubadoras de empresas. <!--:--><\/p>\n","protected":false},"author":8,"featured_media":4583,"comment_status":"open","ping_status":"open","sticky":false,"template":"","format":"standard","meta":{"footnotes":"","_links_to":"","_links_to_target":""},"categories":[3],"tags":[],"calendar":[],"_links":{"self":[{"href":"https:\/\/anprotec.org.br\/site\/wp-json\/wp\/v2\/posts\/4578"}],"collection":[{"href":"https:\/\/anprotec.org.br\/site\/wp-json\/wp\/v2\/posts"}],"about":[{"href":"https:\/\/anprotec.org.br\/site\/wp-json\/wp\/v2\/types\/post"}],"author":[{"embeddable":true,"href":"https:\/\/anprotec.org.br\/site\/wp-json\/wp\/v2\/users\/8"}],"replies":[{"embeddable":true,"href":"https:\/\/anprotec.org.br\/site\/wp-json\/wp\/v2\/comments?post=4578"}],"version-history":[{"count":7,"href":"https:\/\/anprotec.org.br\/site\/wp-json\/wp\/v2\/posts\/4578\/revisions"}],"predecessor-version":[{"id":4581,"href":"https:\/\/anprotec.org.br\/site\/wp-json\/wp\/v2\/posts\/4578\/revisions\/4581"}],"wp:featuredmedia":[{"embeddable":true,"href":"https:\/\/anprotec.org.br\/site\/wp-json\/wp\/v2\/media\/4583"}],"wp:attachment":[{"href":"https:\/\/anprotec.org.br\/site\/wp-json\/wp\/v2\/media?parent=4578"}],"wp:term":[{"taxonomy":"category","embeddable":true,"href":"https:\/\/anprotec.org.br\/site\/wp-json\/wp\/v2\/categories?post=4578"},{"taxonomy":"post_tag","embeddable":true,"href":"https:\/\/anprotec.org.br\/site\/wp-json\/wp\/v2\/tags?post=4578"},{"taxonomy":"calendar","embeddable":true,"href":"https:\/\/anprotec.org.br\/site\/wp-json\/wp\/v2\/calendar?post=4578"}],"curies":[{"name":"wp","href":"https:\/\/api.w.org\/{rel}","templated":true}]}}