{"id":4562,"date":"2013-10-22T11:39:51","date_gmt":"2013-10-22T14:39:51","guid":{"rendered":"http:\/\/anprotec.org.br\/site\/?p=4562"},"modified":"2013-10-22T11:46:58","modified_gmt":"2013-10-22T14:46:58","slug":"abipti-lanca-plataforma-virtual-de-servicos-tecnologicos","status":"publish","type":"post","link":"https:\/\/anprotec.org.br\/site\/2013\/10\/abipti-lanca-plataforma-virtual-de-servicos-tecnologicos\/","title":{"rendered":"<!--:pt-->ABIPTI lan\u00e7a rede virtual de servi\u00e7os tecnol\u00f3gicos<!--:-->"},"content":{"rendered":"<p><!--:pt--><\/p>\n<p style=\"text-align: justify;\"><img decoding=\"async\" loading=\"lazy\" class=\"alignleft size-thumbnail wp-image-2423\" alt=\"abpti\" src=\"https:\/\/anprotec.org.br\/site\/wp-content\/uploads\/2013\/05\/abpti-267x160.jpg\" width=\"267\" height=\"160\" \/>A Associa\u00e7\u00e3o Brasileira das Institui\u00e7\u00f5es de Pesquisa Tecnol\u00f3gica e Inova\u00e7\u00e3o (ABIPTI) lan\u00e7ou o <strong>Sistema Organizacional de Monitoramento e Avalia\u00e7\u00e3o<\/strong> (SOMA) nesta ter\u00e7a-feira (22\/10), durante a abertura da Semana Nacional de Ci\u00eancia e Tecnologia (SNCT) em Bras\u00edlia (DF).\u00a0A plataforma virtual reunir\u00e1 informa\u00e7\u00f5es de entidades de pesquisa, desenvolvimento e inova\u00e7\u00e3o (EPDIs) e empresas para facilitar a cria\u00e7\u00e3o de coopera\u00e7\u00f5es. Al\u00e9m disso, ser\u00e1 poss\u00edvel contemplar uma rede de relacionamentos, que agrupar\u00e1 informa\u00e7\u00f5es sobre os servi\u00e7os e solu\u00e7\u00f5es tecnol\u00f3gicas das institui\u00e7\u00f5es.<\/p>\n<p style=\"text-align: justify;\">De acordo com a presidente da ABIPTI, Isa Assef, o intuito do Soma \u00e9 casar a demanda e a oferta para promover a inova\u00e7\u00e3o. \u201cA tecnologia funcionar\u00e1 como catalisadora da cadeia produtiva brasileira por meio da celebra\u00e7\u00e3o de parcerias\u201d, afirma.<\/p>\n<p style=\"text-align: justify;\">Al\u00e9m de interagir com a exposi\u00e7\u00e3o de ofertas e das demandas, as empresas e EPDIs tamb\u00e9m se comunicar\u00e3o por meio de chat privado e de um feed de not\u00edcias. Nesses ambientes, as institui\u00e7\u00f5es poder\u00e3o apresentar algumas informa\u00e7\u00f5es que n\u00e3o necessariamente sejam voltadas para seus produtos, mas tamb\u00e9m para atividades internas da institui\u00e7\u00e3o, como semin\u00e1rios e workshops.<\/p>\n<p style=\"text-align: justify;\">A partir dos dados cadastrais tamb\u00e9m ser\u00e3o geradas informa\u00e7\u00f5es que auxiliar\u00e3o gestores na tomada de decis\u00f5es em tem\u00e1ticas relacionadas \u00e0 ci\u00eancia e tecnologia. As informa\u00e7\u00f5es ainda contribuir\u00e3o no fornecimento de subs\u00eddios para a elabora\u00e7\u00e3o de pol\u00edticas p\u00fablicas. No per\u00edodo de lan\u00e7amento, o Soma ser\u00e1 disponibilizado gratuitamente para institui\u00e7\u00f5es associadas \u00e0 ABIPTI e empresas.<\/p>\n<p style=\"text-align: justify;\"><a href=\"http:\/\/www.soma.abipti.org.br\/\" target=\"_blank\">Acesse o site da plataforma<\/a><\/p>\n<p style=\"text-align: justify;\"><em>*Com informa\u00e7\u00f5es da Ascom da\u00a0ABIPTI<\/em><\/p>\n<p><!--:--><\/p>\n","protected":false},"excerpt":{"rendered":"<p><!--:pt-->A Associa\u00e7\u00e3o Brasileira das Institui\u00e7\u00f5es de Pesquisa Tecnol\u00f3gica e Inova\u00e7\u00e3o disponibiliza servi\u00e7o de intera\u00e7\u00e3o para empresas e entidades de pesquisa, desenvolvimento e inova\u00e7\u00e3o.<!--:--><\/p>\n","protected":false},"author":8,"featured_media":576,"comment_status":"open","ping_status":"open","sticky":false,"template":"","format":"standard","meta":{"footnotes":"","_links_to":"","_links_to_target":""},"categories":[3],"tags":[],"calendar":[],"_links":{"self":[{"href":"https:\/\/anprotec.org.br\/site\/wp-json\/wp\/v2\/posts\/4562"}],"collection":[{"href":"https:\/\/anprotec.org.br\/site\/wp-json\/wp\/v2\/posts"}],"about":[{"href":"https:\/\/anprotec.org.br\/site\/wp-json\/wp\/v2\/types\/post"}],"author":[{"embeddable":true,"href":"https:\/\/anprotec.org.br\/site\/wp-json\/wp\/v2\/users\/8"}],"replies":[{"embeddable":true,"href":"https:\/\/anprotec.org.br\/site\/wp-json\/wp\/v2\/comments?post=4562"}],"version-history":[{"count":5,"href":"https:\/\/anprotec.org.br\/site\/wp-json\/wp\/v2\/posts\/4562\/revisions"}],"predecessor-version":[{"id":4567,"href":"https:\/\/anprotec.org.br\/site\/wp-json\/wp\/v2\/posts\/4562\/revisions\/4567"}],"wp:featuredmedia":[{"embeddable":true,"href":"https:\/\/anprotec.org.br\/site\/wp-json\/wp\/v2\/media\/576"}],"wp:attachment":[{"href":"https:\/\/anprotec.org.br\/site\/wp-json\/wp\/v2\/media?parent=4562"}],"wp:term":[{"taxonomy":"category","embeddable":true,"href":"https:\/\/anprotec.org.br\/site\/wp-json\/wp\/v2\/categories?post=4562"},{"taxonomy":"post_tag","embeddable":true,"href":"https:\/\/anprotec.org.br\/site\/wp-json\/wp\/v2\/tags?post=4562"},{"taxonomy":"calendar","embeddable":true,"href":"https:\/\/anprotec.org.br\/site\/wp-json\/wp\/v2\/calendar?post=4562"}],"curies":[{"name":"wp","href":"https:\/\/api.w.org\/{rel}","templated":true}]}}