{"id":45576,"date":"2023-08-04T12:04:22","date_gmt":"2023-08-04T15:04:22","guid":{"rendered":"https:\/\/anprotec.org.br\/site\/?p=45576"},"modified":"2025-02-24T14:13:03","modified_gmt":"2025-02-24T17:13:03","slug":"inyaga-incubadora-de-negocios-de-impacto-socioambiental-da-ufrj-lanca-primeiro-edital-de-selecao","status":"publish","type":"post","link":"https:\/\/anprotec.org.br\/site\/2023\/08\/inyaga-incubadora-de-negocios-de-impacto-socioambiental-da-ufrj-lanca-primeiro-edital-de-selecao\/","title":{"rendered":"Inyaga, Incubadora de Neg\u00f3cios de Impacto Socioambiental da UFRJ, lan\u00e7a primeiro edital de sele\u00e7\u00e3o"},"content":{"rendered":"<p><img decoding=\"async\" loading=\"lazy\" class=\"size-full wp-image-45577 alignleft\" src=\"https:\/\/anprotec.org.br\/site\/wp-content\/uploads\/2023\/08\/home-3.png\" alt=\"\" width=\"370\" height=\"235\" srcset=\"https:\/\/anprotec.org.br\/site\/wp-content\/uploads\/2023\/08\/home-3.png 370w, https:\/\/anprotec.org.br\/site\/wp-content\/uploads\/2023\/08\/home-3-300x191.png 300w, https:\/\/anprotec.org.br\/site\/wp-content\/uploads\/2023\/08\/home-3-230x146.png 230w, https:\/\/anprotec.org.br\/site\/wp-content\/uploads\/2023\/08\/home-3-50x32.png 50w, https:\/\/anprotec.org.br\/site\/wp-content\/uploads\/2023\/08\/home-3-118x75.png 118w\" sizes=\"(max-width: 370px) 100vw, 370px\" \/>A Inyaga, incubadora de neg\u00f3cios de impacto social e ambiental da UFRJ, lan\u00e7a o primeiro edital para a sele\u00e7\u00e3o de neg\u00f3cios de base tecnol\u00f3gica e\/ou socioambiental. Sediada no Parque Tecnol\u00f3gico da UFRJ, a incubadora selecionar\u00e1 at\u00e9 quatro (4) propostas na modalidade empreendimento associado. As propostas podem advir tanto da UFRJ quanto da sociedade em geral. Para ler o edital e se inscrever,\u00a0<strong><a href=\"https:\/\/www.parque.ufrj.br\/wp-content\/uploads\/2023\/07\/Edital-Inyaga.pdf\">clique aqui.<\/a><\/strong><\/p>\n<p>Ser\u00e3o selecionados neg\u00f3cios sociais que gerem impacto, valor agregado e efeitos multiplicadores no seu entorno, envolvendo, dentre outras atividades, especialmente aquelas ligadas aos\u00a0<strong>Objetivos de Desenvolvimento Sustent\u00e1vel (ODS):<\/strong><\/p>\n<p><strong>ODS 6 \u2013<\/strong>\u00a0\u00c1gua pot\u00e1vel e saneamento;<br \/>\n<strong>ODS 9 \u2013<\/strong>\u00a0Ind\u00fastria, inova\u00e7\u00e3o e infraestrutura;<br \/>\n<strong>ODS 10 \u2013<\/strong>\u00a0Redu\u00e7\u00e3o das desigualdades;<br \/>\n<strong>ODS 11 \u2013<\/strong>\u00a0Cidades e comunidades sustent\u00e1veis;<br \/>\n<strong>ODS 12 \u2013<\/strong>\u00a0Consumo e produ\u00e7\u00e3o respons\u00e1veis e<br \/>\n<strong>ODS 13 \u2013<\/strong>\u00a0<a href=\"https:\/\/brasil.un.org\/pt-br\">A\u00e7\u00e3o contra a mudan\u00e7a global do clima<\/a><\/p>\n<p>A Inyaga oferecer\u00e1 apoio na adequa\u00e7\u00e3o do modelo de neg\u00f3cios e\/ou plano de aplica\u00e7\u00e3o de recursos e na revis\u00e3o dos produtos e servi\u00e7os propostos. Alguns exemplos de suporte que a incubadora fornecer\u00e1 s\u00e3o:<\/p>\n<p><strong>a)<\/strong>\u00a0<strong>Mentoria e aconselhamento<\/strong>\u00a0\u2013 orienta\u00e7\u00e3o especializada em \u00e1reas como gest\u00e3o, finan\u00e7as, marketing, estrat\u00e9gia e impacto social e ambiental.<br \/>\n<strong>b) Apoio na capta\u00e7\u00e3o de recursos e financiamento<\/strong>\u00a0\u2013 apoio para acessar recursos financeiros, como investidores de impacto, fundos de investimento social e programas de subs\u00eddios ou empr\u00e9stimos espec\u00edficos para neg\u00f3cios de impacto.<br \/>\n<strong>c) Capacita\u00e7\u00e3o e treinamento<\/strong>\u00a0\u2013 oferta de programas de capacita\u00e7\u00e3o que ajudam os empreendedores a desenvolver habilidades essenciais para gerir seus neg\u00f3cios de forma eficiente e maximizar seu impacto social e ambiental.<br \/>\n<strong>d) Networking e conex\u00f5es<\/strong>\u00a0\u2013 facilitando o acesso dos empreendedores a uma rede de contatos relevantes, como outros empreendedores, investidores, parceiros estrat\u00e9gicos e potenciais clientes.<br \/>\n<strong>e) Promo\u00e7\u00e3o de neg\u00f3cios de impacto<\/strong>\u00a0\u2013 promo\u00e7\u00e3o de eventos, workshops e competi\u00e7\u00f5es que incentivem o desenvolvimento de ideias e neg\u00f3cios de impacto.<br \/>\n<strong>f) Acesso ao ecossistema de inova\u00e7\u00e3o da UFRJ;<\/strong><br \/>\n<strong>g) Acesso a descontos em programas de capacita\u00e7\u00e3o e outros servi\u00e7os da UFRJ;<\/strong><br \/>\n<strong>h) Uso dos espa\u00e7os compartilhados<\/strong>\u00a0do Parque Tecnol\u00f3gico da UFRJ (PTEC \u2013 UFRJ), conforme regulamentos internos de cada espa\u00e7o.<\/p>\n<p><strong>Sobre a Inyaga<\/strong><\/p>\n<p>A Inyaga, que significa \u201cNossa Terra\u201d em Ka\u2019apor, l\u00edngua ind\u00edgena pertencente \u00e0 fam\u00edlia Tupi-Guarani, \u00e9 uma iniciativa da FACC- Faculdade de Administra\u00e7\u00e3o e Ci\u00eancias Cont\u00e1beis da UFRJ em parceria com o Parque Tecnol\u00f3gico da UFRJ. O principal objetivo da nova incubadora \u00e9 contribuir para o desenvolvimento cient\u00edfico, tecnol\u00f3gico, econ\u00f4mico, social e ambiental do pa\u00eds, por meio do apoio a empreendimentos sociais que gerem impacto e valor agregado ao entorno.<\/p>\n<p>A incubadora chega em sinergia com o ecossistema de inova\u00e7\u00e3o da universidade, que hoje conta com a Inova UFRJ, o Parque Tecnol\u00f3gico, o Sistema Inova, mais de 1.400 laborat\u00f3rios e as demais incubadoras. A universidade tem colocado a inova\u00e7\u00e3o como uma das pautas centrais da gest\u00e3o da UFRJ, entendendo a import\u00e2ncia estrat\u00e9gica que o tema merece e ciente da capacidade instalada e do capital intelectual fortemente preparado para tra\u00e7ar mudan\u00e7as significativas, mesmo em cen\u00e1rios de limita\u00e7\u00f5es or\u00e7ament\u00e1rias. \u00c9 exatamente nestas situa\u00e7\u00f5es que as inova\u00e7\u00f5es e o olhar estrat\u00e9gico para a sustentabilidade demonstram as suas potencialidades.<\/p>\n<p>Localizada dentro do Parque Tecnol\u00f3gico da UFRJ \u2013 especificamente em um dos cubos externos da Inovateca \u2013, a incubadora conta com uma gest\u00e3o compartilhada que engloba as expertises da FACC na capacita\u00e7\u00e3o de profissionais e na gest\u00e3o de organiza\u00e7\u00f5es e do Parque no apoio \u00e0 infraestrutura e modelagem de instrumentos de impacto para o desenvolvimento institucional da universidade no campo do empreendedorismo e da inova\u00e7\u00e3o.<\/p>\n","protected":false},"excerpt":{"rendered":"<p>A Inyaga, incubadora de neg\u00f3cios de impacto social e ambiental<span class=\"excerpt-hellip\"> [\u2026]<\/span><\/p>\n","protected":false},"author":8,"featured_media":45577,"comment_status":"closed","ping_status":"closed","sticky":false,"template":"","format":"standard","meta":{"footnotes":"","_links_to":"","_links_to_target":""},"categories":[3,383],"tags":[],"calendar":[],"_links":{"self":[{"href":"https:\/\/anprotec.org.br\/site\/wp-json\/wp\/v2\/posts\/45576"}],"collection":[{"href":"https:\/\/anprotec.org.br\/site\/wp-json\/wp\/v2\/posts"}],"about":[{"href":"https:\/\/anprotec.org.br\/site\/wp-json\/wp\/v2\/types\/post"}],"author":[{"embeddable":true,"href":"https:\/\/anprotec.org.br\/site\/wp-json\/wp\/v2\/users\/8"}],"replies":[{"embeddable":true,"href":"https:\/\/anprotec.org.br\/site\/wp-json\/wp\/v2\/comments?post=45576"}],"version-history":[{"count":1,"href":"https:\/\/anprotec.org.br\/site\/wp-json\/wp\/v2\/posts\/45576\/revisions"}],"predecessor-version":[{"id":45578,"href":"https:\/\/anprotec.org.br\/site\/wp-json\/wp\/v2\/posts\/45576\/revisions\/45578"}],"wp:featuredmedia":[{"embeddable":true,"href":"https:\/\/anprotec.org.br\/site\/wp-json\/wp\/v2\/media\/45577"}],"wp:attachment":[{"href":"https:\/\/anprotec.org.br\/site\/wp-json\/wp\/v2\/media?parent=45576"}],"wp:term":[{"taxonomy":"category","embeddable":true,"href":"https:\/\/anprotec.org.br\/site\/wp-json\/wp\/v2\/categories?post=45576"},{"taxonomy":"post_tag","embeddable":true,"href":"https:\/\/anprotec.org.br\/site\/wp-json\/wp\/v2\/tags?post=45576"},{"taxonomy":"calendar","embeddable":true,"href":"https:\/\/anprotec.org.br\/site\/wp-json\/wp\/v2\/calendar?post=45576"}],"curies":[{"name":"wp","href":"https:\/\/api.w.org\/{rel}","templated":true}]}}