{"id":45316,"date":"2023-06-20T11:25:09","date_gmt":"2023-06-20T14:25:09","guid":{"rendered":"https:\/\/anprotec.org.br\/site\/?p=45316"},"modified":"2025-02-24T13:13:01","modified_gmt":"2025-02-24T16:13:01","slug":"participe-do-grupo-de-articulacao-pro-simpacto-gas","status":"publish","type":"post","link":"https:\/\/anprotec.org.br\/site\/2023\/06\/participe-do-grupo-de-articulacao-pro-simpacto-gas\/","title":{"rendered":"Participe do Grupo de Articula\u00e7\u00e3o Pr\u00f3-Simpacto (GAS)"},"content":{"rendered":"<p><span style=\"font-weight: 400;\">\u00a0<img decoding=\"async\" loading=\"lazy\" class=\"size-full wp-image-45318 alignleft\" src=\"https:\/\/anprotec.org.br\/site\/wp-content\/uploads\/2023\/06\/Simpacto.png\" alt=\"\" width=\"599\" height=\"596\" srcset=\"https:\/\/anprotec.org.br\/site\/wp-content\/uploads\/2023\/06\/Simpacto.png 599w, https:\/\/anprotec.org.br\/site\/wp-content\/uploads\/2023\/06\/Simpacto-300x298.png 300w, https:\/\/anprotec.org.br\/site\/wp-content\/uploads\/2023\/06\/Simpacto-147x146.png 147w, https:\/\/anprotec.org.br\/site\/wp-content\/uploads\/2023\/06\/Simpacto-50x50.png 50w, https:\/\/anprotec.org.br\/site\/wp-content\/uploads\/2023\/06\/Simpacto-75x75.png 75w, https:\/\/anprotec.org.br\/site\/wp-content\/uploads\/2023\/06\/Simpacto-85x85.png 85w, https:\/\/anprotec.org.br\/site\/wp-content\/uploads\/2023\/06\/Simpacto-80x80.png 80w\" sizes=\"(max-width: 599px) 100vw, 599px\" \/>Os Investimentos e Neg\u00f3cios de Impacto vem ganhando relev\u00e2ncia como caminho para uma nova economia, capaz de combinar a prosperidade econ\u00f4mica com a inclus\u00e3o social e a sustentabilidade ambiental.Para fortalecer estes empreendimentos e as solu\u00e7\u00f5es que entregam para resolu\u00e7\u00e3o de problemas do Brasil, o Grupo de Articula\u00e7\u00e3o Pr\u00f3-Simpacto (GAS) incentiva a cria\u00e7\u00e3o de coletivos estaduais e municipais que trabalhem por um ambiente institucional favor\u00e1vel ao desenvolvimento dos neg\u00f3cios de impacto no pa\u00eds.<\/span><\/p>\n<p><span style=\"font-weight: 400;\">Ao todo, dez Estados j\u00e1 aprovaram legisla\u00e7\u00f5es espec\u00edficas para os neg\u00f3cios de impacto: AL, CE, DF, ES, GO, MG, PE, PB, RJ e RN. Tamb\u00e9m tramita no Senado Federal o Projeto de Lei 3284\/2021, que estabelece o Sistema Nacional de Investimentos e Neg\u00f3cios de Impacto (Simpacto), que visa organizar o conjunto de pol\u00edticas subnacionais e articul\u00e1-las entre si, criando uma estrutura de governan\u00e7a que auxilie o processo de tomada de decis\u00e3o e maior sinergia e coopera\u00e7\u00e3o entre as diversas inst\u00e2ncias.<\/span><\/p>\n<p><span style=\"font-weight: 400;\">O projeto de desenvolvimento do Sistema Nacional de Investimentos e Neg\u00f3cios de Impacto (Simpacto) surge em um per\u00edodo em que convergem duas tend\u00eancias que marcar\u00e3o as pr\u00f3ximas d\u00e9cadas, no Brasil e no mundo. Por um lado, a crescente percep\u00e7\u00e3o de que neg\u00f3cios e investimentos precisam ser reconfigurados, rumo a uma economia pr\u00f3spera e geradora de impactos positivos para a sociedade e o meio ambiente. Por outro, a pandemia, que agravou as hist\u00f3ricas fragilidades da sociedade brasileira, trazendo a necessidade urgente de implementa\u00e7\u00e3o de medidas capazes de revitalizar a economia e, simultaneamente, combater as car\u00eancias, reduzir as desigualdades e criar oportunidades de renda, qualidade de vida e real desenvolvimento para o pa\u00eds e sua popula\u00e7\u00e3o. O objetivo do Simpacto <\/span><b>\u00e9 articular os tr\u00eas n\u00edveis federativos do poder p\u00fablico<\/b><span style=\"font-weight: 400;\"> em coopera\u00e7\u00e3o com atores privados para promover pol\u00edticas p\u00fablicas voltadas ao ecossistema de neg\u00f3cios e investimentos de impacto no Brasil.\u00a0<\/span><\/p>\n<p><span style=\"font-weight: 400;\">O Sistema deve se desenvolver a partir da mobiliza\u00e7\u00e3o dos atores envolvidos numa perspectiva de inova\u00e7\u00e3o em pol\u00edticas p\u00fablicas e de gera\u00e7\u00e3o de benef\u00edcios positivos para a sociedade e o meio ambiente. Ser\u00e1 criado pelos devidos processos formais e legais e dever\u00e1 ser um <\/span><b>instrumento para formula\u00e7\u00e3o e implementa\u00e7\u00e3o de pol\u00edticas p\u00fablicas,<\/b><span style=\"font-weight: 400;\"> a servi\u00e7o do bem-comum, articulando institui\u00e7\u00f5es do Estado e da sociedade civil com a finalidade de criar um ambiente favor\u00e1vel ao desenvolvimento de empreendimentos capazes de gerar solu\u00e7\u00f5es de mercado para os problemas sociais e ambientais brasileiros.<\/span><\/p>\n<p><b>As inscri\u00e7\u00f5es s\u00e3o destinadas a pessoas que j\u00e1 atuam no ecossistema de impacto, em n\u00edvel local, estadual ou nacional.<\/b><\/p>\n<p><span style=\"font-weight: 400;\">Esperamos legisladores e gestores p\u00fablicos de todo o pa\u00eds, e tamb\u00e9m representantes de organiza\u00e7\u00f5es do setor privado, da sociedade civil, investidores e empreendedores de impacto que trabalhem em prol do ecossistema.<\/span><\/p>\n<p><span style=\"font-weight: 400;\">Para integrar o movimento, envie os seus dados no formul\u00e1rio abaixo. Voc\u00ea ser\u00e1 direcionado ao grupo que est\u00e1 atuando em seu Estado. Caso ainda n\u00e3o exista um coletivo em sua unidade da federa\u00e7\u00e3o, este poder\u00e1 ser criado a partir das inscri\u00e7\u00f5es dos novos interessados.<\/span><\/p>\n<p>Saiba mais em https:\/\/lnkd.in\/dDxnjFxP<\/p>\n","protected":false},"excerpt":{"rendered":"<p>\u00a0Os Investimentos e Neg\u00f3cios de Impacto vem ganhando relev\u00e2ncia como<span class=\"excerpt-hellip\"> [\u2026]<\/span><\/p>\n","protected":false},"author":8,"featured_media":45317,"comment_status":"closed","ping_status":"closed","sticky":false,"template":"","format":"standard","meta":{"footnotes":"","_links_to":"","_links_to_target":""},"categories":[3,383],"tags":[],"calendar":[],"_links":{"self":[{"href":"https:\/\/anprotec.org.br\/site\/wp-json\/wp\/v2\/posts\/45316"}],"collection":[{"href":"https:\/\/anprotec.org.br\/site\/wp-json\/wp\/v2\/posts"}],"about":[{"href":"https:\/\/anprotec.org.br\/site\/wp-json\/wp\/v2\/types\/post"}],"author":[{"embeddable":true,"href":"https:\/\/anprotec.org.br\/site\/wp-json\/wp\/v2\/users\/8"}],"replies":[{"embeddable":true,"href":"https:\/\/anprotec.org.br\/site\/wp-json\/wp\/v2\/comments?post=45316"}],"version-history":[{"count":2,"href":"https:\/\/anprotec.org.br\/site\/wp-json\/wp\/v2\/posts\/45316\/revisions"}],"predecessor-version":[{"id":45320,"href":"https:\/\/anprotec.org.br\/site\/wp-json\/wp\/v2\/posts\/45316\/revisions\/45320"}],"wp:featuredmedia":[{"embeddable":true,"href":"https:\/\/anprotec.org.br\/site\/wp-json\/wp\/v2\/media\/45317"}],"wp:attachment":[{"href":"https:\/\/anprotec.org.br\/site\/wp-json\/wp\/v2\/media?parent=45316"}],"wp:term":[{"taxonomy":"category","embeddable":true,"href":"https:\/\/anprotec.org.br\/site\/wp-json\/wp\/v2\/categories?post=45316"},{"taxonomy":"post_tag","embeddable":true,"href":"https:\/\/anprotec.org.br\/site\/wp-json\/wp\/v2\/tags?post=45316"},{"taxonomy":"calendar","embeddable":true,"href":"https:\/\/anprotec.org.br\/site\/wp-json\/wp\/v2\/calendar?post=45316"}],"curies":[{"name":"wp","href":"https:\/\/api.w.org\/{rel}","templated":true}]}}