{"id":4523,"date":"2013-10-21T16:03:51","date_gmt":"2013-10-21T19:03:51","guid":{"rendered":"http:\/\/anprotec.org.br\/site\/?p=4523"},"modified":"2013-10-21T16:04:39","modified_gmt":"2013-10-21T19:04:39","slug":"itajuba-sediara-feira-de-inovacao-aberta","status":"publish","type":"post","link":"https:\/\/anprotec.org.br\/site\/2013\/10\/itajuba-sediara-feira-de-inovacao-aberta\/","title":{"rendered":"<!--:pt-->Itajub\u00e1 sediar\u00e1 Feira de Inova\u00e7\u00e3o Aberta<!--:-->"},"content":{"rendered":"<p><!--:pt--><\/p>\n<p dir=\"ltr\" style=\"text-align: justify;\"><img decoding=\"async\" loading=\"lazy\" class=\"alignleft size-full wp-image-4525\" alt=\"site_1222\" src=\"https:\/\/anprotec.org.br\/site\/wp-content\/uploads\/2013\/10\/site_1222.jpg\" width=\"270\" height=\"160\" \/>Dos dias 4 a 6 de novembro, a Universidade Federal de Itajub\u00e1 (Unifei) ser\u00e1 palco do <strong>1\u00ba Encontro Mineiro Inova\u00e7\u00e3o Aberta.<\/strong> O objetivo da iniciativa \u00e9 incentivar o munic\u00edpio mineiro a gerar tecnologias, novos neg\u00f3cios e aproximar as empresas do meio acad\u00eamico. O evento \u00e9 organizado pela Incubadora de Empresas de Base Tecnol\u00f3gica de Itajub\u00e1 (INCIT), que foi vencedora do Pr\u00eamio Nacional de Empreendedorismo Inovador 2013, realizado pela Anprotec, na categoria Melhor Incubadora de Empresas Orientada para Gera\u00e7\u00e3o e Uso Intenso de Tecnologias.<\/p>\n<p dir=\"ltr\" style=\"text-align: justify;\">Entre as atividades programadas, est\u00e1 um talk show sobre \u201cDesafios e oportunidades de Inovar no Brasil\u201d e uma agenda de relacionamento organizada pelo Sebrae. Palestras e minicursos tamb\u00e9m fazem parte do evento e abordar\u00e3o temas como \u201cPropriedade intelectual\u201d, \u201cUrg\u00eancia da inova\u00e7\u00e3o nas micro e pequenas empresas\u201d e \u201cMarketing para inova\u00e7\u00e3o aberta\u201d. Para as apresenta\u00e7\u00f5es, haver\u00e1 a participa\u00e7\u00e3o de convidados da FIAT, Endeavor, TV Globo e WeNovate.<\/p>\n<p dir=\"ltr\" style=\"text-align: justify;\">Al\u00e9m da Incubadora, tamb\u00e9m fazem parte da organiza\u00e7\u00e3o a Prefeitura de Itajub\u00e1, a Unifei, a (Faculdade de Ci\u00eancias Sociais Aplicadas do Sul de Minas (Facesm), a Nometi e a Rede de Empresas de Tecnologia da Informa\u00e7\u00e3o e Comunica\u00e7\u00e3o (Retic).<\/p>\n<p><!--:--><\/p>\n","protected":false},"excerpt":{"rendered":"<p><!--:pt-->Incubadora de Empresas de Itajub\u00e1 (INCIT) promove evento de incentivo \u00e0 gera\u00e7\u00e3o de tecnologias e novos neg\u00f3cios em Minas Gerais. Ser\u00e1 dos dias 4 a 6\/11 e contar\u00e1 com palestras e minicursos.<!--:--><\/p>\n","protected":false},"author":8,"featured_media":4525,"comment_status":"open","ping_status":"open","sticky":false,"template":"","format":"standard","meta":{"footnotes":"","_links_to":"","_links_to_target":""},"categories":[3],"tags":[],"calendar":[],"_links":{"self":[{"href":"https:\/\/anprotec.org.br\/site\/wp-json\/wp\/v2\/posts\/4523"}],"collection":[{"href":"https:\/\/anprotec.org.br\/site\/wp-json\/wp\/v2\/posts"}],"about":[{"href":"https:\/\/anprotec.org.br\/site\/wp-json\/wp\/v2\/types\/post"}],"author":[{"embeddable":true,"href":"https:\/\/anprotec.org.br\/site\/wp-json\/wp\/v2\/users\/8"}],"replies":[{"embeddable":true,"href":"https:\/\/anprotec.org.br\/site\/wp-json\/wp\/v2\/comments?post=4523"}],"version-history":[{"count":3,"href":"https:\/\/anprotec.org.br\/site\/wp-json\/wp\/v2\/posts\/4523\/revisions"}],"predecessor-version":[{"id":4528,"href":"https:\/\/anprotec.org.br\/site\/wp-json\/wp\/v2\/posts\/4523\/revisions\/4528"}],"wp:featuredmedia":[{"embeddable":true,"href":"https:\/\/anprotec.org.br\/site\/wp-json\/wp\/v2\/media\/4525"}],"wp:attachment":[{"href":"https:\/\/anprotec.org.br\/site\/wp-json\/wp\/v2\/media?parent=4523"}],"wp:term":[{"taxonomy":"category","embeddable":true,"href":"https:\/\/anprotec.org.br\/site\/wp-json\/wp\/v2\/categories?post=4523"},{"taxonomy":"post_tag","embeddable":true,"href":"https:\/\/anprotec.org.br\/site\/wp-json\/wp\/v2\/tags?post=4523"},{"taxonomy":"calendar","embeddable":true,"href":"https:\/\/anprotec.org.br\/site\/wp-json\/wp\/v2\/calendar?post=4523"}],"curies":[{"name":"wp","href":"https:\/\/api.w.org\/{rel}","templated":true}]}}