{"id":4513,"date":"2013-10-17T17:32:42","date_gmt":"2013-10-17T20:32:42","guid":{"rendered":"http:\/\/anprotec.org.br\/site\/?p=4513"},"modified":"2013-10-17T17:45:11","modified_gmt":"2013-10-17T20:45:11","slug":"plenarias-discutem-mudancas-nas-cidades","status":"publish","type":"post","link":"https:\/\/anprotec.org.br\/site\/2013\/10\/plenarias-discutem-mudancas-nas-cidades\/","title":{"rendered":"<!--:pt-->Plen\u00e1rias discutem mudan\u00e7as nas cidades<!--:-->"},"content":{"rendered":"<p><!--:pt--><\/p>\n<p dir=\"ltr\" style=\"text-align: justify;\"><img decoding=\"async\" loading=\"lazy\" class=\"alignleft size-thumbnail wp-image-4516\" alt=\"\" src=\"https:\/\/anprotec.org.br\/site\/wp-content\/uploads\/2013\/10\/plen\u00e1ria4-270x160.jpg\" width=\"270\" height=\"160\" \/>O gerenciamento de mudan\u00e7as nas cidades e nos parques tecnol\u00f3gicos foi o tema das duas plen\u00e1rias realizadas hoje (17\/10), o \u00faltimo dia de programa\u00e7\u00e3o do XXIII Semin\u00e1rio Nacional da\u00a0<a href=\"https:\/\/anprotec.org.br\/site\/\" target=\"_blank\">Anprotec<\/a>\u00a0e da 30\u00aa Confer\u00eancia da\u00a0<a href=\"http:\/\/www.iasp.ws\/\" target=\"_blank\">IASP<\/a>. Jane Davies, presidente do Conselho Consultivo da IASP, moderou a primeira sess\u00e3o, que contou com a participa\u00e7\u00e3o de seis relatores e dois debatedores.<\/p>\n<p style=\"text-align: justify;\">Na tarde de ontem (16\/10), esses relatores conduziram as sess\u00f5es paralelas e t\u00e9cnicas, o workshop e a pitch session, onde foram apresentados artigos produzidos pelos participantes sobre gerenciamento de mudan\u00e7as. Assim, durante a plen\u00e1ria, os relatores destacaram os principais pontos observados nas apresenta\u00e7\u00f5es dos trabalhos, enquanto os debatedores complementaram a discuss\u00e3o, seguindo o modelo \u201cKnowledge Camp\u201d, prosposto pela IASP.<\/p>\n<p style=\"text-align: justify;\">Paul Krutko, CEO da\u00a0<a href=\"http:\/\/www.annarborusa.org\/\" target=\"_blank\"><em>Ann Arbor SPARK<\/em><\/a>, dos Estados Unidos, avaliou a import\u00e2ncia da atividade dos parques tecnol\u00f3gicos em fornecer rela\u00e7\u00f5es entre o setor privado e governamental para fazer evoluir as sociedades e comunidades. \u201cCom os parques tecnol\u00f3gicos, as partes podem se reunir para resolver quest\u00f5es da sociedade e trazer novas oportunidades de est\u00edmulo \u00e0 economia. O importante \u00e9 que fique clara a no\u00e7\u00e3o de que os parques precisam olhar para fora das suas instala\u00e7\u00f5es\u201d, afirma.<\/p>\n<p style=\"text-align: justify;\">Um dos debates da atividade foi como as cidades podem acompanhar o crescimento dos parques tecnol\u00f3gicos e vice-versa. Philippe Vanrie, CEO do <a href=\"http:\/\/www.ebn.be\/\" target=\"_blank\"><em>European Business &amp; Innovation Centre Network<\/em><\/a>, da B\u00e9lgica, questionou a intensidade em que os parques tecnol\u00f3gicos devem se envolver na economia das regi\u00f5es. \u201cOs parques tecnol\u00f3gicos devem se concentrar em uma vis\u00e3o estrat\u00e9gica ou nas pol\u00edticas p\u00fablicas e urbanas? Eles devem funcionar como um ponto de presta\u00e7\u00e3o de servi\u00e7os ou ser um catalisador dessas atividades? As institui\u00e7\u00f5es devem pensar em um equil\u00edbrio entre as op\u00e7\u00f5es\u201d, disse.<\/p>\n<p style=\"text-align: justify;\">Tamb\u00e9m participaram da plen\u00e1ria Esteban Cassin, presidente da Divis\u00e3o Latino-Americana da IASP; Hardy Rudolf Schmitz, CEO do\u00a0<em><a href=\"http:\/\/www.adlershof.de\/en\/homepage\/\" target=\"_blank\">Berlin Adlershof<\/a><\/em>, da Alemanha; Jorge Nicholas Audy, pr\u00f3-reitor de Pesquisa, Inova\u00e7\u00e3o e Desenvolvimento da\u00a0<a href=\"http:\/\/www3.pucrs.br\/portal\/page\/portal\/pucrs\/Capa\/\" target=\"_blank\">PUCRS<\/a>; Lu\u00eds Afonso Berm\u00fadez, pr\u00f3-reitor de Administra\u00e7\u00e3o e Finan\u00e7as da\u00a0<a href=\"http:\/\/www.unb.br\/\" target=\"_blank\">UnB<\/a>; Akkharawit Kanjana-Opas, diretor do\u00a0<em>Prince of Songkla University Science Park<\/em>, da Tail\u00e2ndia;\u00a0e Jean-Fran\u00e7ois Balducchi, diretor administrativo do\u00a0<a href=\"http:\/\/www.atlanpole.fr\/\" target=\"_blank\"><em>Atlanpole<\/em><\/a>, da Fran\u00e7a.<\/p>\n<p style=\"text-align: justify;\"><strong>Plen\u00e1ria 5<\/strong><\/p>\n<p style=\"text-align: justify;\">Na plen\u00e1ria 5, a proposta era discutir como os ambientes de inova\u00e7\u00e3o poderiam conduzir as mudan\u00e7as nas cidades. Moderada por Luis Sanz, diretor geral da IASP, a sess\u00e3o teve quatro palestrantes: \u00a0Malcom Perry, do\u00a0<em><a href=\"http:\/\/www.surrey-research-park.com\/\" target=\"_blank\">Surrey Research Park<\/a><\/em>, do Reino Unido; Patrick Whalen, CEO do\u00a0<a href=\"http:\/\/www.bnmc.org\/\" target=\"_blank\"><em>Buffalo Niagara Medical Campus<\/em><\/a>, dos Estados Unidos; Abdulaziz Aldursari, CEO do\u00a0<em><a href=\"http:\/\/www.rtv.com.sa\/ar\/Default.aspx\" target=\"_blank\">Riyadh Techno Valley<\/a><\/em>, da Ar\u00e1bia Saudita;\u00a0e Nigel Berkley, diretor de\u00a0<a href=\"http:\/\/www.coventry.ac.uk\/research\/research-directory\/business-management\/sustainable-regeneration\/\" target=\"_blank\">Centro de Pesquisa Aplicada em Regenera\u00e7\u00e3o Sustent\u00e1vel<\/a>da\u00a0<em>Coventry University<\/em>, no Reino Unido.<\/p>\n<p style=\"text-align: justify;\"><em>*Foto: Mariana\/Divulga\u00e7\u00e3o<\/em><\/p>\n<p><!--:--><\/p>\n","protected":false},"excerpt":{"rendered":"<p><!--:pt-->Rela\u00e7\u00e3o entre parques tecnol\u00f3gicos e transforma\u00e7\u00f5es nos centros urbanos foi discutida nas plen\u00e1rias 4 e 5, que reuniu gestores de ambientes de inova\u00e7\u00e3o para compartilhar experi\u00eancias.<!--:--><\/p>\n","protected":false},"author":8,"featured_media":4516,"comment_status":"open","ping_status":"open","sticky":false,"template":"","format":"standard","meta":{"footnotes":"","_links_to":"","_links_to_target":""},"categories":[3],"tags":[],"calendar":[],"_links":{"self":[{"href":"https:\/\/anprotec.org.br\/site\/wp-json\/wp\/v2\/posts\/4513"}],"collection":[{"href":"https:\/\/anprotec.org.br\/site\/wp-json\/wp\/v2\/posts"}],"about":[{"href":"https:\/\/anprotec.org.br\/site\/wp-json\/wp\/v2\/types\/post"}],"author":[{"embeddable":true,"href":"https:\/\/anprotec.org.br\/site\/wp-json\/wp\/v2\/users\/8"}],"replies":[{"embeddable":true,"href":"https:\/\/anprotec.org.br\/site\/wp-json\/wp\/v2\/comments?post=4513"}],"version-history":[{"count":4,"href":"https:\/\/anprotec.org.br\/site\/wp-json\/wp\/v2\/posts\/4513\/revisions"}],"predecessor-version":[{"id":4519,"href":"https:\/\/anprotec.org.br\/site\/wp-json\/wp\/v2\/posts\/4513\/revisions\/4519"}],"wp:featuredmedia":[{"embeddable":true,"href":"https:\/\/anprotec.org.br\/site\/wp-json\/wp\/v2\/media\/4516"}],"wp:attachment":[{"href":"https:\/\/anprotec.org.br\/site\/wp-json\/wp\/v2\/media?parent=4513"}],"wp:term":[{"taxonomy":"category","embeddable":true,"href":"https:\/\/anprotec.org.br\/site\/wp-json\/wp\/v2\/categories?post=4513"},{"taxonomy":"post_tag","embeddable":true,"href":"https:\/\/anprotec.org.br\/site\/wp-json\/wp\/v2\/tags?post=4513"},{"taxonomy":"calendar","embeddable":true,"href":"https:\/\/anprotec.org.br\/site\/wp-json\/wp\/v2\/calendar?post=4513"}],"curies":[{"name":"wp","href":"https:\/\/api.w.org\/{rel}","templated":true}]}}