{"id":45073,"date":"2023-05-15T14:50:25","date_gmt":"2023-05-15T17:50:25","guid":{"rendered":"https:\/\/anprotec.org.br\/site\/?p=45073"},"modified":"2025-02-24T14:24:11","modified_gmt":"2025-02-24T17:24:11","slug":"proxima-edicao-do-land2land-connect-apresentara-ecossistema-de-inovacao-da-africa-do-sul","status":"publish","type":"post","link":"https:\/\/anprotec.org.br\/site\/2023\/05\/proxima-edicao-do-land2land-connect-apresentara-ecossistema-de-inovacao-da-africa-do-sul\/","title":{"rendered":"Pr\u00f3xima edi\u00e7\u00e3o do land2land Connect apresentar\u00e1 ecossistema de inova\u00e7\u00e3o da \u00c1frica do Sul"},"content":{"rendered":"<p><img decoding=\"async\" loading=\"lazy\" class=\"size-full wp-image-45074 aligncenter\" src=\"https:\/\/anprotec.org.br\/site\/wp-content\/uploads\/2023\/05\/Africa.png\" alt=\"\" width=\"1080\" height=\"1080\" srcset=\"https:\/\/anprotec.org.br\/site\/wp-content\/uploads\/2023\/05\/Africa.png 1080w, https:\/\/anprotec.org.br\/site\/wp-content\/uploads\/2023\/05\/Africa-300x300.png 300w, https:\/\/anprotec.org.br\/site\/wp-content\/uploads\/2023\/05\/Africa-1024x1024.png 1024w, https:\/\/anprotec.org.br\/site\/wp-content\/uploads\/2023\/05\/Africa-768x768.png 768w, https:\/\/anprotec.org.br\/site\/wp-content\/uploads\/2023\/05\/Africa-146x146.png 146w, https:\/\/anprotec.org.br\/site\/wp-content\/uploads\/2023\/05\/Africa-50x50.png 50w, https:\/\/anprotec.org.br\/site\/wp-content\/uploads\/2023\/05\/Africa-75x75.png 75w, https:\/\/anprotec.org.br\/site\/wp-content\/uploads\/2023\/05\/Africa-85x85.png 85w, https:\/\/anprotec.org.br\/site\/wp-content\/uploads\/2023\/05\/Africa-80x80.png 80w\" sizes=\"(max-width: 1080px) 100vw, 1080px\" \/><\/p>\n<p>No dia 13\/6, \u00e0s 10h &#8211; hor\u00e1rio de Bras\u00edlia &#8211; acontece a pr\u00f3xima edi\u00e7\u00e3o do land2land Connect. O evento trar\u00e1 oportunidades de internacionaliza\u00e7\u00e3o de startups brasileiras no ecossistema de inova\u00e7\u00e3o da \u00c1frica do Sul.<\/p>\n<p><strong>Participantes:<\/strong><\/p>\n<p>&#8211;\u00a0<strong>Ricardo Bernhard<\/strong>\u00a0&#8211; Embaixada do Brasil em Pret\u00f3ria<\/p>\n<p>&#8211;\u00a0<strong>Dra. Babongile Mkhize<\/strong> &#8211; Departamento de Ci\u00eancia e Inova\u00e7\u00e3o da \u00c1frica do Sul<\/p>\n<p>&#8211;\u00a0<strong>Senisha Moonsami<\/strong>\u00a0&#8211; Ag\u00eancia de Inova\u00e7\u00e3o Tecnol\u00f3gica da \u00c1frica do Sul<\/p>\n<p>&#8211;\u00a0<strong>Nathan Mariemuthu &#8211;\u00a0<\/strong>Funda\u00e7\u00e3o Empire Partner<\/p>\n<p>&#8211;\u00a0<strong>Buntu Majaja<\/strong>\u00a0&#8211; South African Innovation Summit; Tech Tribe Accelerator<\/p>\n<p>&#8211;\u00a0<strong>Kieno Kammies<\/strong>\u00a0&#8211; Innovation City<\/p>\n<p>O evento \u00e9 gratuito e ser\u00e1 transmitido no canal de YouTube da Anprotec, para acompanhar preencha o formul\u00e1rio<strong> <a href=\"https:\/\/informativo.anprotec.org.br\/land2land-connect-africa-do-sul\" target=\"_blank\" rel=\"noopener noreferrer\">neste link.<\/a><\/strong><\/p>\n","protected":false},"excerpt":{"rendered":"<p>No dia 13\/6, \u00e0s 10h &#8211; hor\u00e1rio de Bras\u00edlia &#8211;<span class=\"excerpt-hellip\"> [\u2026]<\/span><\/p>\n","protected":false},"author":8,"featured_media":45075,"comment_status":"closed","ping_status":"closed","sticky":false,"template":"","format":"standard","meta":{"footnotes":"","_links_to":"","_links_to_target":""},"categories":[395,3,414],"tags":[],"calendar":[],"_links":{"self":[{"href":"https:\/\/anprotec.org.br\/site\/wp-json\/wp\/v2\/posts\/45073"}],"collection":[{"href":"https:\/\/anprotec.org.br\/site\/wp-json\/wp\/v2\/posts"}],"about":[{"href":"https:\/\/anprotec.org.br\/site\/wp-json\/wp\/v2\/types\/post"}],"author":[{"embeddable":true,"href":"https:\/\/anprotec.org.br\/site\/wp-json\/wp\/v2\/users\/8"}],"replies":[{"embeddable":true,"href":"https:\/\/anprotec.org.br\/site\/wp-json\/wp\/v2\/comments?post=45073"}],"version-history":[{"count":3,"href":"https:\/\/anprotec.org.br\/site\/wp-json\/wp\/v2\/posts\/45073\/revisions"}],"predecessor-version":[{"id":45279,"href":"https:\/\/anprotec.org.br\/site\/wp-json\/wp\/v2\/posts\/45073\/revisions\/45279"}],"wp:featuredmedia":[{"embeddable":true,"href":"https:\/\/anprotec.org.br\/site\/wp-json\/wp\/v2\/media\/45075"}],"wp:attachment":[{"href":"https:\/\/anprotec.org.br\/site\/wp-json\/wp\/v2\/media?parent=45073"}],"wp:term":[{"taxonomy":"category","embeddable":true,"href":"https:\/\/anprotec.org.br\/site\/wp-json\/wp\/v2\/categories?post=45073"},{"taxonomy":"post_tag","embeddable":true,"href":"https:\/\/anprotec.org.br\/site\/wp-json\/wp\/v2\/tags?post=45073"},{"taxonomy":"calendar","embeddable":true,"href":"https:\/\/anprotec.org.br\/site\/wp-json\/wp\/v2\/calendar?post=45073"}],"curies":[{"name":"wp","href":"https:\/\/api.w.org\/{rel}","templated":true}]}}