{"id":4507,"date":"2013-10-17T17:27:28","date_gmt":"2013-10-17T20:27:28","guid":{"rendered":"http:\/\/anprotec.org.br\/site\/?p=4507"},"modified":"2013-10-23T16:03:52","modified_gmt":"2013-10-23T19:03:52","slug":"minc-anuncia-resultado-do-edital","status":"publish","type":"post","link":"https:\/\/anprotec.org.br\/site\/2013\/10\/minc-anuncia-resultado-do-edital\/","title":{"rendered":"<!--:pt-->MinC anuncia resultado do edital para incubadoras<!--:-->"},"content":{"rendered":"<p><!--:pt--><\/p>\n<p dir=\"ltr\" style=\"text-align: justify;\"><img decoding=\"async\" loading=\"lazy\" class=\"alignleft size-thumbnail wp-image-4510\" alt=\"\" src=\"https:\/\/anprotec.org.br\/site\/wp-content\/uploads\/2013\/10\/minc-270x160.jpg\" width=\"270\" height=\"160\" \/>O secret\u00e1rio nacional da Economia Criativa, Marcos Andr\u00e9 Carvalho (foto), anunciou no in\u00edcio da cerim\u00f4nia de entrega do Pr\u00eamio Nacional de Empreendedorismo Inovador da\u00a0<a href=\"https:\/\/anprotec.org.br\/site\/\">Anprotec<\/a>, no dia 17 de outubro, os 15 projetos selecionados no\u00a0<a href=\"http:\/\/www.cultura.gov.br\/documents\/10913\/942617\/Edital+de+Fomento\/1954125e-bd42-4f00-96d3-6dc8f8ac465e\" target=\"_blank\">1\u00ba Edital de Fomento a Incubadoras de Empreendimentos da Economia Criativa<\/a>\u00a0do\u00a0<a href=\"http:\/\/www.cultura.gov.br\/\">Minist\u00e9rio da Cultura<\/a>\u00a0(MinC).<\/p>\n<p style=\"text-align: justify;\">O edital era dirigido a institui\u00e7\u00f5es p\u00fablicas e privadas sem fins lucrativos que atuam como gestoras de incubadoras h\u00e1, no m\u00ednimo, tr\u00eas anos. O total investido \u00e9 de R$ 5 milh\u00f5es, sendo que cada projeto contemplado contar\u00e1 com o apoio do MinC no valor m\u00ednimo de R$ 250 mil e m\u00e1ximo de R$ 400 mil.<\/p>\n<p style=\"text-align: justify;\">Uma das metas do Minist\u00e9rio \u00e9 estruturar pol\u00edticas de fomento a novos empreendimentos criativos. Segundo o secret\u00e1rio, algumas das poucas incubadoras p\u00fablicas e privadas que atuam no setor t\u00eam capacidade de investimento limitada. \u201cO objetivo do edital \u00e9 valorizar e impulsionar espa\u00e7os da economia criativa. Queremos que as incubadoras aqui presentes voltem seus olhares \u00e0 esse segmento\u201d, afirmou.<\/p>\n<p style=\"text-align: justify;\">Confira a lista completa dos projetos selecionados\u00a0<a href=\"http:\/\/www.anprotec.org.br\/Relata\/Edital%20de%20Incubadoras%202013%20-%20Lista%20de%20projetos%20classificados%20e%20selecionados.pdf\" target=\"_blank\">aqui<\/a>.<\/p>\n<p style=\"text-align: justify;\"><em>*Foto: Mariana Guerra\/Divulga\u00e7\u00e3o<\/em><\/p>\n<p><!--:--><\/p>\n","protected":false},"excerpt":{"rendered":"<p><!--:pt-->An\u00fancio foi feito pelo secret\u00e1rio nacional da economia criativa, Marcos Andr\u00e9 Carvalho, na cerim\u00f4nia de entrega do Pr\u00eamio Nacional de Empreendedorismo Inovador. Foram 15 projetos selecionados.<!--:--><\/p>\n","protected":false},"author":8,"featured_media":4510,"comment_status":"open","ping_status":"open","sticky":false,"template":"","format":"standard","meta":{"footnotes":"","_links_to":"","_links_to_target":""},"categories":[3],"tags":[],"calendar":[],"_links":{"self":[{"href":"https:\/\/anprotec.org.br\/site\/wp-json\/wp\/v2\/posts\/4507"}],"collection":[{"href":"https:\/\/anprotec.org.br\/site\/wp-json\/wp\/v2\/posts"}],"about":[{"href":"https:\/\/anprotec.org.br\/site\/wp-json\/wp\/v2\/types\/post"}],"author":[{"embeddable":true,"href":"https:\/\/anprotec.org.br\/site\/wp-json\/wp\/v2\/users\/8"}],"replies":[{"embeddable":true,"href":"https:\/\/anprotec.org.br\/site\/wp-json\/wp\/v2\/comments?post=4507"}],"version-history":[{"count":9,"href":"https:\/\/anprotec.org.br\/site\/wp-json\/wp\/v2\/posts\/4507\/revisions"}],"predecessor-version":[{"id":4603,"href":"https:\/\/anprotec.org.br\/site\/wp-json\/wp\/v2\/posts\/4507\/revisions\/4603"}],"wp:featuredmedia":[{"embeddable":true,"href":"https:\/\/anprotec.org.br\/site\/wp-json\/wp\/v2\/media\/4510"}],"wp:attachment":[{"href":"https:\/\/anprotec.org.br\/site\/wp-json\/wp\/v2\/media?parent=4507"}],"wp:term":[{"taxonomy":"category","embeddable":true,"href":"https:\/\/anprotec.org.br\/site\/wp-json\/wp\/v2\/categories?post=4507"},{"taxonomy":"post_tag","embeddable":true,"href":"https:\/\/anprotec.org.br\/site\/wp-json\/wp\/v2\/tags?post=4507"},{"taxonomy":"calendar","embeddable":true,"href":"https:\/\/anprotec.org.br\/site\/wp-json\/wp\/v2\/calendar?post=4507"}],"curies":[{"name":"wp","href":"https:\/\/api.w.org\/{rel}","templated":true}]}}