{"id":45022,"date":"2023-05-08T10:47:41","date_gmt":"2023-05-08T13:47:41","guid":{"rendered":"https:\/\/anprotec.org.br\/site\/?p=45022"},"modified":"2025-02-24T14:32:42","modified_gmt":"2025-02-24T17:32:42","slug":"ja-esta-no-ar-a-lista-de-projetos-selecionados-para-o-5o-ciclo-do-programa-ideiaz","status":"publish","type":"post","link":"https:\/\/anprotec.org.br\/site\/2023\/05\/ja-esta-no-ar-a-lista-de-projetos-selecionados-para-o-5o-ciclo-do-programa-ideiaz\/","title":{"rendered":"J\u00e1 est\u00e1 no ar a lista de projetos selecionados para o 5\u00ba Ciclo do Programa Ideiaz"},"content":{"rendered":"<p>&nbsp;<\/p>\n<p><img decoding=\"async\" loading=\"lazy\" class=\" wp-image-45023 aligncenter\" src=\"https:\/\/anprotec.org.br\/site\/wp-content\/uploads\/2023\/05\/Resultado.png\" alt=\"\" width=\"858\" height=\"858\" srcset=\"https:\/\/anprotec.org.br\/site\/wp-content\/uploads\/2023\/05\/Resultado.png 1080w, https:\/\/anprotec.org.br\/site\/wp-content\/uploads\/2023\/05\/Resultado-300x300.png 300w, https:\/\/anprotec.org.br\/site\/wp-content\/uploads\/2023\/05\/Resultado-1024x1024.png 1024w, https:\/\/anprotec.org.br\/site\/wp-content\/uploads\/2023\/05\/Resultado-768x768.png 768w, https:\/\/anprotec.org.br\/site\/wp-content\/uploads\/2023\/05\/Resultado-146x146.png 146w, https:\/\/anprotec.org.br\/site\/wp-content\/uploads\/2023\/05\/Resultado-50x50.png 50w, https:\/\/anprotec.org.br\/site\/wp-content\/uploads\/2023\/05\/Resultado-75x75.png 75w, https:\/\/anprotec.org.br\/site\/wp-content\/uploads\/2023\/05\/Resultado-85x85.png 85w, https:\/\/anprotec.org.br\/site\/wp-content\/uploads\/2023\/05\/Resultado-80x80.png 80w\" sizes=\"(max-width: 858px) 100vw, 858px\" \/>O Comit\u00ea de Sele\u00e7\u00e3o do Ideiaz conduziu o processo de an\u00e1lise e sele\u00e7\u00e3o dos projetos submetidos, e agora a lista com os projetos selecionados no 5\u00ba Ciclo do Programa est\u00e1 dispon\u00edvel. Foram selecionados 206 projetos.<\/p>\n<p>Nas pr\u00f3ximas semanas, os projetos receber\u00e3o atividades de mentoria, consultoria organizacional, assessorias diversas, suporte tecnol\u00f3gico, suporte para formaliza\u00e7\u00e3o do neg\u00f3cio e qualifica\u00e7\u00e3o empreendedora, que ser\u00e3o conduzidos pelos mecanismos credenciados no programa. Os atendimentos iniciar\u00e3o no dia 22\/5.<\/p>\n<p>Para conferir a lista completa de projetos selecionados, basta clicar em <a href=\"https:\/\/bit.ly\/3pmguI0\">https:\/\/bit.ly\/3pmguI0<\/a><\/p>\n<p>Parab\u00e9ns aos selecionados!<\/p>\n","protected":false},"excerpt":{"rendered":"<p>&nbsp; O Comit\u00ea de Sele\u00e7\u00e3o do Ideiaz conduziu o processo<span class=\"excerpt-hellip\"> [\u2026]<\/span><\/p>\n","protected":false},"author":8,"featured_media":45024,"comment_status":"closed","ping_status":"closed","sticky":false,"template":"","format":"standard","meta":{"footnotes":"","_links_to":"","_links_to_target":""},"categories":[395,3,414],"tags":[],"calendar":[],"_links":{"self":[{"href":"https:\/\/anprotec.org.br\/site\/wp-json\/wp\/v2\/posts\/45022"}],"collection":[{"href":"https:\/\/anprotec.org.br\/site\/wp-json\/wp\/v2\/posts"}],"about":[{"href":"https:\/\/anprotec.org.br\/site\/wp-json\/wp\/v2\/types\/post"}],"author":[{"embeddable":true,"href":"https:\/\/anprotec.org.br\/site\/wp-json\/wp\/v2\/users\/8"}],"replies":[{"embeddable":true,"href":"https:\/\/anprotec.org.br\/site\/wp-json\/wp\/v2\/comments?post=45022"}],"version-history":[{"count":1,"href":"https:\/\/anprotec.org.br\/site\/wp-json\/wp\/v2\/posts\/45022\/revisions"}],"predecessor-version":[{"id":45025,"href":"https:\/\/anprotec.org.br\/site\/wp-json\/wp\/v2\/posts\/45022\/revisions\/45025"}],"wp:featuredmedia":[{"embeddable":true,"href":"https:\/\/anprotec.org.br\/site\/wp-json\/wp\/v2\/media\/45024"}],"wp:attachment":[{"href":"https:\/\/anprotec.org.br\/site\/wp-json\/wp\/v2\/media?parent=45022"}],"wp:term":[{"taxonomy":"category","embeddable":true,"href":"https:\/\/anprotec.org.br\/site\/wp-json\/wp\/v2\/categories?post=45022"},{"taxonomy":"post_tag","embeddable":true,"href":"https:\/\/anprotec.org.br\/site\/wp-json\/wp\/v2\/tags?post=45022"},{"taxonomy":"calendar","embeddable":true,"href":"https:\/\/anprotec.org.br\/site\/wp-json\/wp\/v2\/calendar?post=45022"}],"curies":[{"name":"wp","href":"https:\/\/api.w.org\/{rel}","templated":true}]}}