{"id":44951,"date":"2023-04-26T09:58:45","date_gmt":"2023-04-26T12:58:45","guid":{"rendered":"https:\/\/anprotec.org.br\/site\/?p=44951"},"modified":"2025-02-24T14:43:26","modified_gmt":"2025-02-24T17:43:26","slug":"cpqd-inova-e-lanca-residencia-tecnologica-em-seguranca-cibernetica-em-parceria-com-a-facens","status":"publish","type":"post","link":"https:\/\/anprotec.org.br\/site\/2023\/04\/cpqd-inova-e-lanca-residencia-tecnologica-em-seguranca-cibernetica-em-parceria-com-a-facens\/","title":{"rendered":"CPQD inova e lan\u00e7a Resid\u00eancia Tecnol\u00f3gica em Seguran\u00e7a Cibern\u00e9tica em parceria com a Facens"},"content":{"rendered":"<p><em><img decoding=\"async\" loading=\"lazy\" class=\" wp-image-44952 alignleft\" src=\"https:\/\/anprotec.org.br\/site\/wp-content\/uploads\/2023\/04\/facens.png\" alt=\"\" width=\"388\" height=\"228\" srcset=\"https:\/\/anprotec.org.br\/site\/wp-content\/uploads\/2023\/04\/facens.png 526w, https:\/\/anprotec.org.br\/site\/wp-content\/uploads\/2023\/04\/facens-300x176.png 300w, https:\/\/anprotec.org.br\/site\/wp-content\/uploads\/2023\/04\/facens-270x160.png 270w, https:\/\/anprotec.org.br\/site\/wp-content\/uploads\/2023\/04\/facens-249x146.png 249w, https:\/\/anprotec.org.br\/site\/wp-content\/uploads\/2023\/04\/facens-50x29.png 50w, https:\/\/anprotec.org.br\/site\/wp-content\/uploads\/2023\/04\/facens-128x75.png 128w\" sizes=\"(max-width: 388px) 100vw, 388px\" \/>Iniciativa vai formar profissionais altamente qualificados para o mercado<\/em><\/p>\n<p>O CPQD lan\u00e7a, em parceria com o Instituto de Pesquisas do <strong>Centro Universit\u00e1rio <\/strong><a href=\"https:\/\/facens.br\/\"><strong>Facens<\/strong><\/a><strong> (IP Facens), <\/strong>um programa inovador e in\u00e9dito de Resid\u00eancia Tecnol\u00f3gica em Seguran\u00e7a Cibern\u00e9tica, totalmente gratuito para estudantes e profissionais da \u00e1rea de tecnologia. Com in\u00edcio em 15 de maio, o programa prev\u00ea um processo de 14 meses, dividido em duas fases: te\u00f3rica e pr\u00e1tica. A primeira ser\u00e1 conduzida pela Facens, respons\u00e1vel pelas aulas e a pela trilha de aprendizagem. J\u00e1 a segunda acontecer\u00e1 de forma h\u00edbrida no CPQD e ser\u00e1 essencialmente coordenada pelos especialistas da organiza\u00e7\u00e3o.<\/p>\n<p>Impulsionada pela forte demanda de mercado, bem como por uma car\u00eancia de profissionais capacitados a atuar na \u00e1rea de Seguran\u00e7a Cibern\u00e9tica, a resid\u00eancia tem o objetivo de enfrentar o desafio, formando profissionais especializados nesta \u00e1rea para a sociedade e para o mercado. Para isso, os participantes ter\u00e3o a possibilidade de atuar em projetos reais do CPQD, com tecnologias disruptivas e avan\u00e7adas.<\/p>\n<p>A iniciativa como um todo \u00e9 um Programa Priorit\u00e1rio de Interesse Nacional (PPI), o qual tem o apoio do Minist\u00e9rio da Ci\u00eancia, Tecnologia e Inova\u00e7\u00e3o (MCTI) e \u00e9 coordenado pela Softex, empresa que executa iniciativas de apoio, desenvolvimento, promo\u00e7\u00e3o e fomento para impulsionar a Ind\u00fastria Brasileira de Software e Servi\u00e7os de TI.<\/p>\n<p><strong>As inscri\u00e7\u00f5es acontecem entre os dias 20 de abril e 5 de maio<\/strong>. Ser\u00e3o selecionados 50 estudantes que passar\u00e3o por tr\u00eas trilhas de conhecimento e, ao final, pela aplica\u00e7\u00e3o de um BootCamp \u2013 projeto com problemas reais sob a monitoria de professores especialistas na \u00e1rea de seguran\u00e7a cibern\u00e9tica. Nesta fase do treinamento, as aulas ser\u00e3o de segunda a sexta, das 17h \u00e0s 18h45, na modalidade online s\u00edncrona.<\/p>\n<p>Finalizada a parte te\u00f3rica, os inscritos passar\u00e3o por uma banca avaliadora, a qual selecionar\u00e1 20 estudantes para seguir para a pr\u00e1tica, no CPQD. Aos selecionados para a atua\u00e7\u00e3o pr\u00e1tica, ser\u00e1 disponibilizada uma bolsa para subsidiar a forma\u00e7\u00e3o.<\/p>\n<p>Mais informa\u00e7\u00f5es e a inscri\u00e7\u00e3o est\u00e3o dispon\u00edveis, em:<\/p>\n<p><a href=\"https:\/\/facens.br\/residencia-cpqd\/\">https:\/\/facens.br\/residencia-cpqd\/<\/a><\/p>\n","protected":false},"excerpt":{"rendered":"<p>Iniciativa vai formar profissionais altamente qualificados para o mercado O<span class=\"excerpt-hellip\"> [\u2026]<\/span><\/p>\n","protected":false},"author":8,"featured_media":44952,"comment_status":"closed","ping_status":"closed","sticky":false,"template":"","format":"standard","meta":{"footnotes":"","_links_to":"","_links_to_target":""},"categories":[415,3],"tags":[],"calendar":[],"_links":{"self":[{"href":"https:\/\/anprotec.org.br\/site\/wp-json\/wp\/v2\/posts\/44951"}],"collection":[{"href":"https:\/\/anprotec.org.br\/site\/wp-json\/wp\/v2\/posts"}],"about":[{"href":"https:\/\/anprotec.org.br\/site\/wp-json\/wp\/v2\/types\/post"}],"author":[{"embeddable":true,"href":"https:\/\/anprotec.org.br\/site\/wp-json\/wp\/v2\/users\/8"}],"replies":[{"embeddable":true,"href":"https:\/\/anprotec.org.br\/site\/wp-json\/wp\/v2\/comments?post=44951"}],"version-history":[{"count":1,"href":"https:\/\/anprotec.org.br\/site\/wp-json\/wp\/v2\/posts\/44951\/revisions"}],"predecessor-version":[{"id":44953,"href":"https:\/\/anprotec.org.br\/site\/wp-json\/wp\/v2\/posts\/44951\/revisions\/44953"}],"wp:featuredmedia":[{"embeddable":true,"href":"https:\/\/anprotec.org.br\/site\/wp-json\/wp\/v2\/media\/44952"}],"wp:attachment":[{"href":"https:\/\/anprotec.org.br\/site\/wp-json\/wp\/v2\/media?parent=44951"}],"wp:term":[{"taxonomy":"category","embeddable":true,"href":"https:\/\/anprotec.org.br\/site\/wp-json\/wp\/v2\/categories?post=44951"},{"taxonomy":"post_tag","embeddable":true,"href":"https:\/\/anprotec.org.br\/site\/wp-json\/wp\/v2\/tags?post=44951"},{"taxonomy":"calendar","embeddable":true,"href":"https:\/\/anprotec.org.br\/site\/wp-json\/wp\/v2\/calendar?post=44951"}],"curies":[{"name":"wp","href":"https:\/\/api.w.org\/{rel}","templated":true}]}}