{"id":44788,"date":"2023-03-30T16:48:43","date_gmt":"2023-03-30T19:48:43","guid":{"rendered":"https:\/\/anprotec.org.br\/site\/?p=44788"},"modified":"2025-02-24T15:40:23","modified_gmt":"2025-02-24T18:40:23","slug":"santiago-e-o-destino-virtual-de-nova-edicao-do-land2land-connect","status":"publish","type":"post","link":"https:\/\/anprotec.org.br\/site\/2023\/03\/santiago-e-o-destino-virtual-de-nova-edicao-do-land2land-connect\/","title":{"rendered":"Santiago \u00e9 o destino virtual de nova edi\u00e7\u00e3o do land2land Connect"},"content":{"rendered":"<p><a href=\"https:\/\/informativo.anprotec.org.br\/land2land-connect-santiago\"><img decoding=\"async\" loading=\"lazy\" class=\"wp-image-44872 size-full aligncenter\" src=\"https:\/\/anprotec.org.br\/site\/wp-content\/uploads\/2023\/03\/L2L-Sant.png\" alt=\"\" width=\"1080\" height=\"1080\" srcset=\"https:\/\/anprotec.org.br\/site\/wp-content\/uploads\/2023\/03\/L2L-Sant.png 1080w, https:\/\/anprotec.org.br\/site\/wp-content\/uploads\/2023\/03\/L2L-Sant-300x300.png 300w, https:\/\/anprotec.org.br\/site\/wp-content\/uploads\/2023\/03\/L2L-Sant-1024x1024.png 1024w, https:\/\/anprotec.org.br\/site\/wp-content\/uploads\/2023\/03\/L2L-Sant-768x768.png 768w, https:\/\/anprotec.org.br\/site\/wp-content\/uploads\/2023\/03\/L2L-Sant-146x146.png 146w, https:\/\/anprotec.org.br\/site\/wp-content\/uploads\/2023\/03\/L2L-Sant-50x50.png 50w, https:\/\/anprotec.org.br\/site\/wp-content\/uploads\/2023\/03\/L2L-Sant-75x75.png 75w, https:\/\/anprotec.org.br\/site\/wp-content\/uploads\/2023\/03\/L2L-Sant-85x85.png 85w, https:\/\/anprotec.org.br\/site\/wp-content\/uploads\/2023\/03\/L2L-Sant-80x80.png 80w\" sizes=\"(max-width: 1080px) 100vw, 1080px\" \/><\/a><\/p>\n<p>No dia 4\/5, \u00e0s 10h &#8211; hor\u00e1rio de Bras\u00edlia &#8211; acontece a pr\u00f3xima edi\u00e7\u00e3o do land2land Connect. O evento trar\u00e1 oportunidades de internacionaliza\u00e7\u00e3o de startups brasileiras no ecossistema de inova\u00e7\u00e3o de Santiago, no Chile.<\/p>\n<p>O evento \u00e9 gratuito e ser\u00e1 transmitido no canal de YouTube da Anprotec, para acompanhar preencha o formul\u00e1rio ao lado.<\/p>\n<p><strong>Participantes:<\/strong><\/p>\n<p>&#8211;\u00a0<strong>Paulo Roberto Pacheco<\/strong> &#8211; Embaixada do Brasil em Santiago<\/p>\n<p>&#8211;\u00a0<strong>Leandro Rocha<\/strong> &#8211; Embaixada do Brasil em Santiago<\/p>\n<p>&#8211;\u00a0<strong>Sergio Montero<\/strong>\u00a0&#8211; Startup Chile<\/p>\n<p>&#8211;\u00a0<strong>Juan Pablo Garnica<\/strong>\u00a0&#8211; Invest Chile<\/p>\n<p>&#8211;\u00a0<strong>Sebasti\u00e1n Burgos<\/strong>\u00a0&#8211; ChileGlobal Ventures &#8211; Fundaci\u00f3n Chile<\/p>\n<p>&#8211;\u00a0<strong>Laura Chicurel<\/strong>\u00a0&#8211; Innova360<\/p>\n<p><strong>&#8211; Carlos Ladrix<\/strong> &#8211; ANID &#8211; Ag\u00eancia Nacional de Investiga\u00e7\u00e3o e Desenvolvimento do Chile<\/p>\n<p>Inscreva-se em <strong><a href=\"https:\/\/informativo.anprotec.org.br\/land2land-connect-santiago\">https:\/\/informativo.anprotec.org.br\/land2land-connect-santiago<\/a><\/strong><\/p>\n","protected":false},"excerpt":{"rendered":"<p>No dia 4\/5, \u00e0s 10h &#8211; hor\u00e1rio de Bras\u00edlia &#8211;<span class=\"excerpt-hellip\"> [\u2026]<\/span><\/p>\n","protected":false},"author":8,"featured_media":44790,"comment_status":"closed","ping_status":"closed","sticky":false,"template":"","format":"standard","meta":{"footnotes":"","_links_to":"","_links_to_target":""},"categories":[395,3,414],"tags":[],"calendar":[],"_links":{"self":[{"href":"https:\/\/anprotec.org.br\/site\/wp-json\/wp\/v2\/posts\/44788"}],"collection":[{"href":"https:\/\/anprotec.org.br\/site\/wp-json\/wp\/v2\/posts"}],"about":[{"href":"https:\/\/anprotec.org.br\/site\/wp-json\/wp\/v2\/types\/post"}],"author":[{"embeddable":true,"href":"https:\/\/anprotec.org.br\/site\/wp-json\/wp\/v2\/users\/8"}],"replies":[{"embeddable":true,"href":"https:\/\/anprotec.org.br\/site\/wp-json\/wp\/v2\/comments?post=44788"}],"version-history":[{"count":2,"href":"https:\/\/anprotec.org.br\/site\/wp-json\/wp\/v2\/posts\/44788\/revisions"}],"predecessor-version":[{"id":44873,"href":"https:\/\/anprotec.org.br\/site\/wp-json\/wp\/v2\/posts\/44788\/revisions\/44873"}],"wp:featuredmedia":[{"embeddable":true,"href":"https:\/\/anprotec.org.br\/site\/wp-json\/wp\/v2\/media\/44790"}],"wp:attachment":[{"href":"https:\/\/anprotec.org.br\/site\/wp-json\/wp\/v2\/media?parent=44788"}],"wp:term":[{"taxonomy":"category","embeddable":true,"href":"https:\/\/anprotec.org.br\/site\/wp-json\/wp\/v2\/categories?post=44788"},{"taxonomy":"post_tag","embeddable":true,"href":"https:\/\/anprotec.org.br\/site\/wp-json\/wp\/v2\/tags?post=44788"},{"taxonomy":"calendar","embeddable":true,"href":"https:\/\/anprotec.org.br\/site\/wp-json\/wp\/v2\/calendar?post=44788"}],"curies":[{"name":"wp","href":"https:\/\/api.w.org\/{rel}","templated":true}]}}