{"id":4476,"date":"2013-10-17T15:30:26","date_gmt":"2013-10-17T18:30:26","guid":{"rendered":"http:\/\/anprotec.org.br\/site\/?p=4476"},"modified":"2013-10-21T13:27:02","modified_gmt":"2013-10-21T16:27:02","slug":"anprotec-anuncia-vencedores-do-premio-nacional-de-empreendedorismo-inovador-2013","status":"publish","type":"post","link":"https:\/\/anprotec.org.br\/site\/2013\/10\/anprotec-anuncia-vencedores-do-premio-nacional-de-empreendedorismo-inovador-2013\/","title":{"rendered":"<!--:pt-->Pr\u00eamio Nacional anuncia vencedores<!--:-->"},"content":{"rendered":"<p><!--:pt--><\/p>\n<p style=\"text-align: justify;\"><img decoding=\"async\" loading=\"lazy\" class=\"alignleft size-thumbnail wp-image-4502\" alt=\"\" src=\"https:\/\/anprotec.org.br\/site\/wp-content\/uploads\/2013\/10\/premionacional3-270x160.jpg\" width=\"270\" height=\"160\" \/>A Associa\u00e7\u00e3o Nacional de Entidades Promotoras de Empreendimento Inovadores (Anprotec) anunciou os vencedores do 17\u00b0 Pr\u00eamio Nacional de Empreendedorismo Inovador durante o encerramento do XXIII Semin\u00e1rio Nacional de Parques Tecnol\u00f3gicos e Incubadoras de Empresas e 30\u00aa Confer\u00eancia Mundial IASP, realizado no Porto Digital, em Recife (PE). As institui\u00e7\u00f5es vencedoras receberam trof\u00e9us e certificados, al\u00e9m de um pr\u00eamio em dinheiro que varia de R$ 5 mil a R$ 15 mil e viagens para estudo e neg\u00f3cios.<\/p>\n<p style=\"text-align: justify;\">O\u00a0<a href=\"http:\/\/www.parquedorio.ufrj.br\/\" target=\"_blank\">Parque Tecnol\u00f3gico da UFRJ<\/a>, que completou 10 anos no \u00faltimo m\u00eas de abril, foi o vencedor na categoria\u00a0<b>Melhor Parque Tecnol\u00f3gico<\/b>\u00a0(PTH). Localizado na capital carioca, o parque tem 350 mil m\u00b2 e se destaca por abrigar centros de pesquisa de grandes empresas do setor de petr\u00f3leo e tecnologia, al\u00e9m de empreendimentos de micro e pequeno porte &#8211; a maior parte residente na incubadora.<\/p>\n<p style=\"text-align: justify;\">A\u00a0<a href=\"http:\/\/www.incit.com.br\/incit\/home\" target=\"_blank\">Incubadora de Empresas e Base Tecnol\u00f3gica de Itajub\u00e1<\/a>\u00a0(MG)\u00a0conquistou o pr\u00eamio da categoria\u00a0<b>Melhor Incubadora de Empresas Orientadas para a Gera\u00e7\u00e3o e Uso Intenso de Tecnologias<\/b>\u00a0(PIT)<i>.<\/i><\/p>\n<div style=\"text-align: justify;\">\n<p>Na categoria<b>\u00a0Melhor Incubadora de Empresas Orientada para Desenvolvimento Local e Setorial<\/b>\u00a0(DLS), venceu a\u00a0<a href=\"http:\/\/cais.portodigital.org\/\" target=\"_blank\">Cais do Porto<\/a>, incubadora do Porto Digital, de Recife (PE).<\/p>\n<p>A vencedora da categoria<b>\u00a0Melhor Empresa Graduada<\/b>\u00a0(EG) foi a\u00a0<a href=\"http:\/\/www.elogroup.com.br\/index.html\" target=\"_blank\">Elo Group Desenvolvimento e Consultoria Ltda.<\/a>, graduada na\u00a0<a href=\"http:\/\/www.incubadora.coppe.ufrj.br\/\" target=\"_blank\">Incubadora de Empresas COPPE\/UFRJ<\/a>, do Rio de Janeiro, que oferece solu\u00e7\u00f5es de gest\u00e3o customizadas com foco em Gest\u00e3o de Processos de Neg\u00f3cios e Governan\u00e7a (BPM) e Riscos e Compliance (GRC). A\u00a0<a href=\"http:\/\/www.lifetecdobrasil.com.br\/sitenovo\/?page_id=16\" target=\"_blank\">Lifetec do Brasil<\/a>, graduada na\u00a0<a href=\"http:\/\/www.inatel.br\/\" target=\"_blank\">Incubadora Inatel<\/a>, de Santa Rita do Sapuca\u00ed (MG), ficou em segundo lugar. A empresa desenvolve novas tecnologias nos setores m\u00e9dico-odontol\u00f3gica, hospitais e cl\u00ednicas para melhorar a precis\u00e3o de diagn\u00f3sticos. Em terceiro, ficou a empresa\u00a0<a href=\"http:\/\/www.fertilizevet.com.br\/\" target=\"_blank\">Fertilize<\/a>, especializada em solu\u00e7\u00f5es para reprodu\u00e7\u00e3o animal, graduada pela\u00a0<a href=\"http:\/\/www.unitecne.com.br\/\" target=\"_blank\">Unitecne<\/a>, de Uberaba (MG).<\/p>\n<\/div>\n<p style=\"text-align: justify;\">A\u00a0<a href=\"http:\/\/www.altageotecnia.com\/portal\/\" target=\"_blank\">Alta Geotecnia Ambiental Ltda.<\/a>, da incubadora carioca\u00a0<a href=\"http:\/\/www.genesis.puc-rio.br\/main.asp\" target=\"_blank\">Instituto G\u00eanesis<\/a>, venceu na categoria<b>\u00a0Melhor Empresa Incubada<\/b>\u00a0(EI). A startup \u00e9 especializada em solu\u00e7\u00f5es t\u00e9cnicas aplicadas \u00e0s \u00e1reas de Geotecnia e Meio Ambiente. O segundo lugar ficou com a\u00a0<a href=\"http:\/\/www.v2btecnologia.com.br\/index.html\" target=\"_blank\">Vision to Business (V2B) Tecnologia<\/a>, residente na\u00a0<a href=\"http:\/\/www.senaipr.org.br\/para-empresas\/inovacao\/incubadora\/\" target=\"_blank\">Incubadora do Senai em Curitiba<\/a>\u00a0(PR), uma empresa de desenvolvimento de servi\u00e7os para a \u00e1rea de tecnologia de informa\u00e7\u00e3o e neg\u00f3cios. O terceiro lugar foi conquistado pela\u00a0<a href=\"http:\/\/kidopi.com.br\/\" target=\"_blank\">Kidopi<\/a>, empresa incubada na<a href=\"http:\/\/www.fipase.org.br\/index.php?option=com_content&amp;view=article&amp;id=4&amp;Itemid=13\" target=\"_blank\">\u00a0Supera Incubadora de Empresas<\/a>, de Ribeir\u00e3o Preto (SP). A Kidopi trabalha com o desenvolvimento de sistemas de gest\u00e3o hospitalar e informatiza\u00e7\u00e3o de cl\u00ednicas e consult\u00f3rios.<\/p>\n<p style=\"text-align: justify;\">A\u00a0<a href=\"http:\/\/www.inova.unicamp.br\/\" target=\"_blank\">Ag\u00eancia de Inova\u00e7\u00e3o Unicamp<\/a>\u00a0venceu na categoria\u00a0<b>Melhor Projeto de Promo\u00e7\u00e3o da Cultura do Empreendedorismo\u00a0<\/b>(CEI)\u00a0com o\u00a0<a href=\"http:\/\/www.inova.unicamp.br\/desafio\/\" target=\"_blank\">Desafio Unicamp de Inova\u00e7\u00e3o Tecnol\u00f3gica<\/a>. Trata-se de uma competi\u00e7\u00e3o de modelos de neg\u00f3cios organizada pela Ag\u00eancia que estimula a cria\u00e7\u00e3o de empreendimentos de base tecnol\u00f3gica a partir de patentes e programas de computador desenvolvidos na Unicamp.<\/p>\n<div style=\"text-align: justify;\">\n<p><strong>Lista completa de vencedores<\/strong><\/p>\n<p>Melhor parque tecnol\u00f3gico (PTH):\u00a0Parque Tecnol\u00f3gico da UFRJ (RJ)<\/p>\n<p>Melhor Incubadora de Empresas Orientadas para a Gera\u00e7\u00e3o e Uso Intenso de Tecnologias\u00a0(PIT):\u00a0Incubadora de Empresas de Base Tecnol\u00f3gica de Itajub\u00e1 (MG)<\/p>\n<p>Melhor Incubadora de Empresas Orientada para Desenvolvimento Local e Setorial\u00a0(DLS):\u00a0Incubadora Cais do Porto (PE)<\/p>\n<\/div>\n<p style=\"text-align: justify;\">Melhor empresa graduada (EG):<\/p>\n<ul style=\"text-align: justify;\">\n<li>1\u00b0 lugar:\u00a0Elo Group Desenvolvimento e Consultoria Ltda. (RJ)<\/li>\n<li>2\u00b0 lugar:\u00a0Lifetec do Brasil (MG)<\/li>\n<li>3\u00b0 lugar:\u00a0Fertilize (MG)<\/li>\n<\/ul>\n<p style=\"text-align: justify;\">Melhor empresa incubada (EI):<\/p>\n<ul style=\"text-align: justify;\">\n<li>1\u00b0 lugar:\u00a0Alta Geotecnia Ambiental (RJ)<\/li>\n<li>2\u00b0 lugar:\u00a0\u00a0Vision To Business (V2B )\u00a0Tecnologia (PR)<\/li>\n<li>3\u00b0 lugar:\u00a0Kidopi (SP)<\/li>\n<\/ul>\n<div style=\"text-align: justify;\">\n<p style=\"text-align: justify;\">Melhor Projeto de Promo\u00e7\u00e3o da Cultura do Empreendedorismo (CEI):\u00a0Desafio Unicamp de Inova\u00e7\u00e3o Tecnol\u00f3gica (SP)<\/p>\n<\/div>\n<p><!--:--><\/p>\n","protected":false},"excerpt":{"rendered":"<p><!--:pt-->Duas empresas, duas incubadoras, um parque tecnol\u00f3gico e um projeto foram premiados pelas suas a\u00e7\u00f5es de fomento ao empreendedorismo e inova\u00e7\u00e3o. An\u00fancio foi realizado durante o Semin\u00e1rio Nacional.<!--:--><\/p>\n","protected":false},"author":8,"featured_media":4502,"comment_status":"open","ping_status":"open","sticky":false,"template":"","format":"standard","meta":{"footnotes":"","_links_to":"","_links_to_target":""},"categories":[3],"tags":[],"calendar":[],"_links":{"self":[{"href":"https:\/\/anprotec.org.br\/site\/wp-json\/wp\/v2\/posts\/4476"}],"collection":[{"href":"https:\/\/anprotec.org.br\/site\/wp-json\/wp\/v2\/posts"}],"about":[{"href":"https:\/\/anprotec.org.br\/site\/wp-json\/wp\/v2\/types\/post"}],"author":[{"embeddable":true,"href":"https:\/\/anprotec.org.br\/site\/wp-json\/wp\/v2\/users\/8"}],"replies":[{"embeddable":true,"href":"https:\/\/anprotec.org.br\/site\/wp-json\/wp\/v2\/comments?post=4476"}],"version-history":[{"count":18,"href":"https:\/\/anprotec.org.br\/site\/wp-json\/wp\/v2\/posts\/4476\/revisions"}],"predecessor-version":[{"id":4480,"href":"https:\/\/anprotec.org.br\/site\/wp-json\/wp\/v2\/posts\/4476\/revisions\/4480"}],"wp:featuredmedia":[{"embeddable":true,"href":"https:\/\/anprotec.org.br\/site\/wp-json\/wp\/v2\/media\/4502"}],"wp:attachment":[{"href":"https:\/\/anprotec.org.br\/site\/wp-json\/wp\/v2\/media?parent=4476"}],"wp:term":[{"taxonomy":"category","embeddable":true,"href":"https:\/\/anprotec.org.br\/site\/wp-json\/wp\/v2\/categories?post=4476"},{"taxonomy":"post_tag","embeddable":true,"href":"https:\/\/anprotec.org.br\/site\/wp-json\/wp\/v2\/tags?post=4476"},{"taxonomy":"calendar","embeddable":true,"href":"https:\/\/anprotec.org.br\/site\/wp-json\/wp\/v2\/calendar?post=4476"}],"curies":[{"name":"wp","href":"https:\/\/api.w.org\/{rel}","templated":true}]}}