{"id":44618,"date":"2023-03-08T13:14:02","date_gmt":"2023-03-08T16:14:02","guid":{"rendered":"https:\/\/anprotec.org.br\/site\/?p=44618"},"modified":"2025-02-24T16:28:08","modified_gmt":"2025-02-24T19:28:08","slug":"programa-centelha-reforca-investimentos-em-ideias-empreendedoras-que-irao-gerar-inovacao-para-rondonia","status":"publish","type":"post","link":"https:\/\/anprotec.org.br\/site\/2023\/03\/programa-centelha-reforca-investimentos-em-ideias-empreendedoras-que-irao-gerar-inovacao-para-rondonia\/","title":{"rendered":"Programa Centelha refor\u00e7a investimentos em ideias empreendedoras que ir\u00e3o gerar inova\u00e7\u00e3o para Rond\u00f4nia"},"content":{"rendered":"<p>Com o objetivo de incentivar o empreendedorismo e inova\u00e7\u00e3o, o Governo de Rond\u00f4nia realizou, na ter\u00e7a-feira (28\/02), a cerim\u00f4nia de outorga de 22 ideias aprovadas pelo\u00a0<a href=\"https:\/\/www.programacentelha.com.br\/ro\/\" target=\"_blank\" rel=\"noopener noreferrer\"><strong>Programa Centelha\/RO<\/strong><\/a>, uma iniciativa da\u00a0Financiadora de Estudos e Projetos \u2013 FINEP e do Minist\u00e9rio da Ci\u00eancia, Tecnologia e Inova\u00e7\u00e3o \u2013 MCTI, executada no Estado por meio da parceria com a Funda\u00e7\u00e3o Rond\u00f4nia de Amparo ao Desenvolvimento das A\u00e7\u00f5es Cient\u00edficas e Tecnol\u00f3gicas e \u00e0 Pesquisa do Estado de Rond\u00f4nia \u2013 Fapero, e contrapartida do Governo do Estado.<\/p>\n<p>\u2018\u2018O Governo do Estado tem o objetivo de gerar empregos, renda, buscar solu\u00e7\u00f5es para melhorar a qualidade de vida da popula\u00e7\u00e3o, e a Fapero est\u00e1 contribuindo nesse processo. Ficamos felizes em estar executando o programa Centelha, para premiar com recursos, as ideias inovadoras. \u00c9 muito bom ver que h\u00e1 ideias brilhantes no nosso Estado para diversas \u00e1reas, como ambiental, agropecu\u00e1ria, na sa\u00fade, o que mostra que nosso povo \u00e9 muito criativo e trabalhador, e merece essa oportunidade\u2019\u2019, afirma o presidente da Fapero, Paulo Haddad.<\/p>\n<p>Para o governador Marcos Rocha, o desenvolvimento de Rond\u00f4nia passa por investimentos em pesquisa. \u2018\u2018O Governo do Estado tem investido para fortalecer cada vez mais em inova\u00e7\u00e3o, empreendedorismo e pesquisa cient\u00edfica para avan\u00e7ar no desenvolvimento do nosso Estado, impulsionando a criatividade e dando condi\u00e7\u00f5es para que a popula\u00e7\u00e3o venha contribuir com neg\u00f3cios que fa\u00e7am a economia mais forte e a popula\u00e7\u00e3o mais feliz\u2019\u2019, garante.<\/p>\n<p><strong>Com a assinatura das outorgas foram garantidos mais de R$ 1.1 milh\u00e3o para que as ideias sejam transformadas em solu\u00e7\u00f5es que beneficiem a sociedade<\/strong>, sendo R$ 880 mil provenientes do Fundo Nacional de Desenvolvimento Cient\u00edfico e Tecnol\u00f3gico \u2013 FNDCT, vinculado a Financiadora de Estudos e Projetos \u2013 \u00a0Finep e R$ 299.992,00 de contrapartida estadual.<\/p>\n<div id=\"attachment_31948\" class=\"wp-caption aligncenter\"><img decoding=\"async\" loading=\"lazy\" class=\"wp-image-31948 size-full\" src=\"https:\/\/confap.org.br\/news\/wp-content\/uploads\/2023\/03\/Centelha-Outorgas-28-02-23-Frank-Nery-42-570x380-fapero-2023.jpg\" alt=\"\" width=\"570\" height=\"380\" \/><\/p>\n<p class=\"wp-caption-text\"><em>(Foto: Frank N\u00e9ry\/\u00a0Secom\u00a0\u2013 Governo de Rond\u00f4nia).<\/em><\/p>\n<\/div>\n<p><strong>Inova\u00e7\u00e3o<\/strong><\/p>\n<p>O uso de microalgas como fertilizantes para a agricultura sustent\u00e1vel, foi uma das ideias aprovadas pelo Centelha\/RO. Paulo Henrique Bonavigo, que na cerim\u00f4nia representou Cleiton Dias Alves da Biotecland, proponente do projeto, explicou a proposta. \u2018\u2018H\u00e1 uma necessidade de ter fertilizantes para a agricultura, e muitos vem de fora do Brasil ou n\u00e3o s\u00e3o org\u00e2nicos, e a partir de pesquisas cientificas descobriu-se que as microalgas do solo podem gerar biofertilizantes, o que reduz custos e valoriza um produto biol\u00f3gico e local\u2019\u2019.<\/p>\n<p>Outra ideia contemplada pelo programa Centelha em Rond\u00f4nia foi apresentada por Suelen Alves Cunha, trata-se do \u2018\u2018Format Inovation\u2019\u2019, o empreendimento visa a consultoria em gest\u00e3o financeira e marketing digital para as empresas rondonienses. \u2018\u2018O marketing digital ajuda a trazer os clientes para os empreendedores, e por meio da consultoria ensinamos eles a organizar o dinheiro que est\u00e1 entrando\u2019\u2019, conta Suelen. \u2018\u2018Muitos t\u00eam ideias, mas n\u00e3o t\u00eam recurso, e essa iniciativa trouxe a oportunidade de colocar essa vis\u00e3o em pr\u00e1tica\u2019\u2019, complementa Edenilton Ara\u00fajo, gestor de marketing, que esteve presente no evento.<\/p>\n<p><strong>Ideias Outorgada\u00a0<\/strong><\/p>\n<ul>\n<li>Monitoramento e controle de cadeias de frios com internet das coisas;<\/li>\n<li>\u201cEs32lab\u201d \u2013 Ferramenta de prototipagem e desenvolvimento \u2013 Iot;<\/li>\n<li>Desenvolvimento de cosm\u00e9ticos de alta performance<\/li>\n<li>Bioart Fraldas Ecol\u00f3gicas;<\/li>\n<li>Terapia de Bolso;<\/li>\n<li>Vinhos Amaz\u00f4nicos;<\/li>\n<li>Microalgas para Agricultura Sustent\u00e1vel;<\/li>\n<li>Produtos com Bioativos da Floresta Amaz\u00f4nica \u2013 Cuidando de voc\u00ea;<\/li>\n<li>Pain\u00e9is de Policarbonato composto para uso em casas inteligentes;<\/li>\n<li>Saag \u2013 Sistema de Acompanhamento de Agricultura Georreferenciada;<\/li>\n<li>Berex Chain;<\/li>\n<li>Meu P\u00e9 de \u00c1rvore;<\/li>\n<li>Simplificando;<\/li>\n<li>Santo Hon\u00f3rio Confeitaria Artesanal Online;<\/li>\n<li>Arqx \u2013 Plataforma de Gest\u00e3o de Arquitetura;<\/li>\n<li>Clube de Assinatura \u201cInterc\u00e2mbio de Sabores\u201d;<\/li>\n<li>Cacau de Qualidade Superior;<\/li>\n<li>Gest\u00e3o da Sa\u00fade Mental e Psicossocial Relacionada ao Trabalho;<\/li>\n<li>Aerador Fotovoltaico Aplicado \u00e0 Piscicultura Familiar de Rond\u00f4nia;<\/li>\n<li>Universo da Vinci \u2013 Design Cient\u00edfico e Educacional;<\/li>\n<li>Format Inovation I;<\/li>\n<li>Format Inovation II.<strong>\u00a0<\/strong><\/li>\n<\/ul>\n<p>&nbsp;<\/p>\n<p>Fonte:\u00a0<a href=\"https:\/\/rondonia.ro.gov.br\/\" target=\"_blank\" rel=\"noopener noreferrer\">FAPERO<\/a><\/p>\n","protected":false},"excerpt":{"rendered":"<p>Com o objetivo de incentivar o empreendedorismo e inova\u00e7\u00e3o, o<span class=\"excerpt-hellip\"> [\u2026]<\/span><\/p>\n","protected":false},"author":8,"featured_media":44619,"comment_status":"closed","ping_status":"closed","sticky":false,"template":"","format":"standard","meta":{"footnotes":"","_links_to":"","_links_to_target":""},"categories":[3,414],"tags":[],"calendar":[],"_links":{"self":[{"href":"https:\/\/anprotec.org.br\/site\/wp-json\/wp\/v2\/posts\/44618"}],"collection":[{"href":"https:\/\/anprotec.org.br\/site\/wp-json\/wp\/v2\/posts"}],"about":[{"href":"https:\/\/anprotec.org.br\/site\/wp-json\/wp\/v2\/types\/post"}],"author":[{"embeddable":true,"href":"https:\/\/anprotec.org.br\/site\/wp-json\/wp\/v2\/users\/8"}],"replies":[{"embeddable":true,"href":"https:\/\/anprotec.org.br\/site\/wp-json\/wp\/v2\/comments?post=44618"}],"version-history":[{"count":1,"href":"https:\/\/anprotec.org.br\/site\/wp-json\/wp\/v2\/posts\/44618\/revisions"}],"predecessor-version":[{"id":44620,"href":"https:\/\/anprotec.org.br\/site\/wp-json\/wp\/v2\/posts\/44618\/revisions\/44620"}],"wp:featuredmedia":[{"embeddable":true,"href":"https:\/\/anprotec.org.br\/site\/wp-json\/wp\/v2\/media\/44619"}],"wp:attachment":[{"href":"https:\/\/anprotec.org.br\/site\/wp-json\/wp\/v2\/media?parent=44618"}],"wp:term":[{"taxonomy":"category","embeddable":true,"href":"https:\/\/anprotec.org.br\/site\/wp-json\/wp\/v2\/categories?post=44618"},{"taxonomy":"post_tag","embeddable":true,"href":"https:\/\/anprotec.org.br\/site\/wp-json\/wp\/v2\/tags?post=44618"},{"taxonomy":"calendar","embeddable":true,"href":"https:\/\/anprotec.org.br\/site\/wp-json\/wp\/v2\/calendar?post=44618"}],"curies":[{"name":"wp","href":"https:\/\/api.w.org\/{rel}","templated":true}]}}