{"id":44376,"date":"2023-02-16T14:28:17","date_gmt":"2023-02-16T17:28:17","guid":{"rendered":"https:\/\/anprotec.org.br\/site\/?p=44376"},"modified":"2025-02-24T16:56:22","modified_gmt":"2025-02-24T19:56:22","slug":"nova-edicao-do-land2land-connect-sera-sobre-ecossistemas-de-inovacao-do-uruguai","status":"publish","type":"post","link":"https:\/\/anprotec.org.br\/site\/2023\/02\/nova-edicao-do-land2land-connect-sera-sobre-ecossistemas-de-inovacao-do-uruguai\/","title":{"rendered":"Nova edi\u00e7\u00e3o do land2land Connect ser\u00e1 sobre ecossistemas de inova\u00e7\u00e3o do Uruguai"},"content":{"rendered":"<p><img decoding=\"async\" loading=\"lazy\" class=\"alignnone wp-image-44623 size-full\" src=\"https:\/\/anprotec.org.br\/site\/wp-content\/uploads\/2023\/02\/Card_Programac\u0327a\u0303o-PT-1.png\" alt=\"\" width=\"1080\" height=\"1350\" srcset=\"https:\/\/anprotec.org.br\/site\/wp-content\/uploads\/2023\/02\/Card_Programac\u0327a\u0303o-PT-1.png 1080w, https:\/\/anprotec.org.br\/site\/wp-content\/uploads\/2023\/02\/Card_Programac\u0327a\u0303o-PT-1-240x300.png 240w, https:\/\/anprotec.org.br\/site\/wp-content\/uploads\/2023\/02\/Card_Programac\u0327a\u0303o-PT-1-819x1024.png 819w, https:\/\/anprotec.org.br\/site\/wp-content\/uploads\/2023\/02\/Card_Programac\u0327a\u0303o-PT-1-768x960.png 768w, https:\/\/anprotec.org.br\/site\/wp-content\/uploads\/2023\/02\/Card_Programac\u0327a\u0303o-PT-1-117x146.png 117w, https:\/\/anprotec.org.br\/site\/wp-content\/uploads\/2023\/02\/Card_Programac\u0327a\u0303o-PT-1-40x50.png 40w, https:\/\/anprotec.org.br\/site\/wp-content\/uploads\/2023\/02\/Card_Programac\u0327a\u0303o-PT-1-60x75.png 60w\" sizes=\"(max-width: 1080px) 100vw, 1080px\" \/><\/p>\n<p>No dia 17\/3, \u00e0s 10h &#8211; hor\u00e1rio de Bras\u00edlia &#8211; acontece a pr\u00f3xima edi\u00e7\u00e3o do land2land Connect. O evento trar\u00e1 oportunidades de internacionaliza\u00e7\u00e3o de startups brasileiras no ecossistema de inova\u00e7\u00e3o do Uruguai.<\/p>\n<p>O evento \u00e9 gratuito e ser\u00e1 transmitido no canal de YouTube da Anprotec. Confira a programa\u00e7\u00e3o abaixo.<\/p>\n<p><strong>Participantes:<\/strong><\/p>\n<p>&#8211;\u00a0<strong>Alvaro Brunini<\/strong>\u00a0&#8211; Uruguai XXI<\/p>\n<p>&#8211;\u00a0<strong>Amalia Alvarez<\/strong>\u00a0&#8211; Minist\u00e9rio da Pecu\u00e1ria, Agricultura e Pesca do Uruguai<\/p>\n<p>&#8211;\u00a0<strong>Guadalupe Tiscornia<\/strong>\u00a0&#8211; Instituto Nacional de Pesquisa Agropecu\u00e1ria (INIA)<\/p>\n<p>&#8211;\u00a0<strong>Cristhian Martinez<\/strong>\u00a0&#8211; Minist\u00e9rio da Ind\u00fastria, Energia e Minera\u00e7\u00e3o do Uruguai<\/p>\n<p>&#8211;\u00a0<strong>Rosana Fern\u00e1ndez Fern\u00e1ndez<\/strong>\u00a0&#8211; Incubadora LATU Ingenio<\/p>\n<p>&nbsp;<\/p>\n<p><strong><a href=\"https:\/\/informativo.anprotec.org.br\/land2land-connect-uruguai\">Inscreva-se neste link.<\/a><\/strong><\/p>\n","protected":false},"excerpt":{"rendered":"<p>No dia 17\/3, \u00e0s 10h &#8211; hor\u00e1rio de Bras\u00edlia &#8211;<span class=\"excerpt-hellip\"> [\u2026]<\/span><\/p>\n","protected":false},"author":8,"featured_media":44379,"comment_status":"closed","ping_status":"closed","sticky":false,"template":"","format":"standard","meta":{"footnotes":"","_links_to":"","_links_to_target":""},"categories":[395,414],"tags":[],"calendar":[],"_links":{"self":[{"href":"https:\/\/anprotec.org.br\/site\/wp-json\/wp\/v2\/posts\/44376"}],"collection":[{"href":"https:\/\/anprotec.org.br\/site\/wp-json\/wp\/v2\/posts"}],"about":[{"href":"https:\/\/anprotec.org.br\/site\/wp-json\/wp\/v2\/types\/post"}],"author":[{"embeddable":true,"href":"https:\/\/anprotec.org.br\/site\/wp-json\/wp\/v2\/users\/8"}],"replies":[{"embeddable":true,"href":"https:\/\/anprotec.org.br\/site\/wp-json\/wp\/v2\/comments?post=44376"}],"version-history":[{"count":2,"href":"https:\/\/anprotec.org.br\/site\/wp-json\/wp\/v2\/posts\/44376\/revisions"}],"predecessor-version":[{"id":44625,"href":"https:\/\/anprotec.org.br\/site\/wp-json\/wp\/v2\/posts\/44376\/revisions\/44625"}],"wp:featuredmedia":[{"embeddable":true,"href":"https:\/\/anprotec.org.br\/site\/wp-json\/wp\/v2\/media\/44379"}],"wp:attachment":[{"href":"https:\/\/anprotec.org.br\/site\/wp-json\/wp\/v2\/media?parent=44376"}],"wp:term":[{"taxonomy":"category","embeddable":true,"href":"https:\/\/anprotec.org.br\/site\/wp-json\/wp\/v2\/categories?post=44376"},{"taxonomy":"post_tag","embeddable":true,"href":"https:\/\/anprotec.org.br\/site\/wp-json\/wp\/v2\/tags?post=44376"},{"taxonomy":"calendar","embeddable":true,"href":"https:\/\/anprotec.org.br\/site\/wp-json\/wp\/v2\/calendar?post=44376"}],"curies":[{"name":"wp","href":"https:\/\/api.w.org\/{rel}","templated":true}]}}