{"id":44370,"date":"2023-02-15T17:14:17","date_gmt":"2023-02-15T20:14:17","guid":{"rendered":"https:\/\/anprotec.org.br\/site\/?p=44370"},"modified":"2025-02-24T16:56:35","modified_gmt":"2025-02-24T19:56:35","slug":"premio-nacional-de-inovacao-realiza-webinar-sobre-categoria-ecossistemas","status":"publish","type":"post","link":"https:\/\/anprotec.org.br\/site\/2023\/02\/premio-nacional-de-inovacao-realiza-webinar-sobre-categoria-ecossistemas\/","title":{"rendered":"Pr\u00eamio Nacional de Inova\u00e7\u00e3o realiza webinar sobre categoria &#8220;Ecossistemas&#8221;"},"content":{"rendered":"<p><img decoding=\"async\" loading=\"lazy\" class=\" wp-image-44371 aligncenter\" src=\"https:\/\/anprotec.org.br\/site\/wp-content\/uploads\/2023\/02\/image001.png\" alt=\"\" width=\"1035\" height=\"1035\" srcset=\"https:\/\/anprotec.org.br\/site\/wp-content\/uploads\/2023\/02\/image001.png 1200w, https:\/\/anprotec.org.br\/site\/wp-content\/uploads\/2023\/02\/image001-300x300.png 300w, https:\/\/anprotec.org.br\/site\/wp-content\/uploads\/2023\/02\/image001-1024x1024.png 1024w, https:\/\/anprotec.org.br\/site\/wp-content\/uploads\/2023\/02\/image001-768x768.png 768w, https:\/\/anprotec.org.br\/site\/wp-content\/uploads\/2023\/02\/image001-146x146.png 146w, https:\/\/anprotec.org.br\/site\/wp-content\/uploads\/2023\/02\/image001-50x50.png 50w, https:\/\/anprotec.org.br\/site\/wp-content\/uploads\/2023\/02\/image001-75x75.png 75w, https:\/\/anprotec.org.br\/site\/wp-content\/uploads\/2023\/02\/image001-85x85.png 85w, https:\/\/anprotec.org.br\/site\/wp-content\/uploads\/2023\/02\/image001-80x80.png 80w\" sizes=\"(max-width: 1035px) 100vw, 1035px\" \/><\/p>\n<p>No dia 16 de fevereiro, \u00e0s 16h, ser\u00e1 realizada uma live sobre Pr\u00eamio Nacional de Inova\u00e7\u00e3o para tratar sobre a categoria &#8220;Ecossistemas&#8221;. O Pr\u00eamio tem como objetivo incentivar e reconhecer os esfor\u00e7os bem-sucedidos de inova\u00e7\u00e3o e gest\u00e3o da inova\u00e7\u00e3o de Empresas, Ecossistemas de Inova\u00e7\u00e3o e Pesquisadores que atuam no Brasil.<\/p>\n<p>O Pr\u00eamio tem uma metodologia robusta que d\u00e1 visibilidade para empresas e ecossistemas com seus resultados de inova\u00e7\u00e3o. O objetivo \u00e9 tornar p\u00fablico para o Brasil e para o mundo as boas pr\u00e1ticas que t\u00eam sido desenvolvidas por essas institui\u00e7\u00f5es no fortalecimento da Pesquisa, Desenvolvimento e Inova\u00e7\u00e3o.<\/p>\n<p>As institui\u00e7\u00f5es e os pesquisadores inscritos no PNI receber\u00e3o um relat\u00f3rio de avalia\u00e7\u00e3o, com feedbacks, identifica\u00e7\u00e3o de pontos fortes e oportunidades de melhorias, al\u00e9m do comparativo com as demais candidatas da modalidade\/porte, o que possibilita uma alavancagem da inova\u00e7\u00e3o das ind\u00fastrias participantes.<\/p>\n<p><a href=\"https:\/\/www.youtube.com\/watch?v=yjOlY1c_84s\">Clique aqui para acessar o webinar.<\/a><\/p>\n<p>O PNI \u00e9 uma iniciativa da Mobiliza\u00e7\u00e3o Empresarial pela Inova\u00e7\u00e3o (MEI), realizado pela Confedera\u00e7\u00e3o Nacional da Ind\u00fastria (CNI) e pelo Servi\u00e7o Brasileiro de Apoio \u00e0s Micro e Pequenas Empresas (SEBRAE), em correaliza\u00e7\u00e3o com o Servi\u00e7o Social da Ind\u00fastria (SESI), o Servi\u00e7o Nacional de Aprendizagem Industrial (SENAI) e o Instituto Euvaldo Lodi (IEL).<\/p>\n<p>Saiba mais sobre o PNI em <a href=\"https:\/\/www.premiodeinovacao.com.br\/\">https:\/\/www.premiodeinovacao.com.br\/<\/a><\/p>\n<p>&nbsp;<\/p>\n","protected":false},"excerpt":{"rendered":"<p>No dia 16 de fevereiro, \u00e0s 16h, ser\u00e1 realizada uma<span class=\"excerpt-hellip\"> [\u2026]<\/span><\/p>\n","protected":false},"author":8,"featured_media":44372,"comment_status":"closed","ping_status":"closed","sticky":false,"template":"","format":"standard","meta":{"footnotes":"","_links_to":"","_links_to_target":""},"categories":[3,414],"tags":[],"calendar":[],"_links":{"self":[{"href":"https:\/\/anprotec.org.br\/site\/wp-json\/wp\/v2\/posts\/44370"}],"collection":[{"href":"https:\/\/anprotec.org.br\/site\/wp-json\/wp\/v2\/posts"}],"about":[{"href":"https:\/\/anprotec.org.br\/site\/wp-json\/wp\/v2\/types\/post"}],"author":[{"embeddable":true,"href":"https:\/\/anprotec.org.br\/site\/wp-json\/wp\/v2\/users\/8"}],"replies":[{"embeddable":true,"href":"https:\/\/anprotec.org.br\/site\/wp-json\/wp\/v2\/comments?post=44370"}],"version-history":[{"count":1,"href":"https:\/\/anprotec.org.br\/site\/wp-json\/wp\/v2\/posts\/44370\/revisions"}],"predecessor-version":[{"id":44373,"href":"https:\/\/anprotec.org.br\/site\/wp-json\/wp\/v2\/posts\/44370\/revisions\/44373"}],"wp:featuredmedia":[{"embeddable":true,"href":"https:\/\/anprotec.org.br\/site\/wp-json\/wp\/v2\/media\/44372"}],"wp:attachment":[{"href":"https:\/\/anprotec.org.br\/site\/wp-json\/wp\/v2\/media?parent=44370"}],"wp:term":[{"taxonomy":"category","embeddable":true,"href":"https:\/\/anprotec.org.br\/site\/wp-json\/wp\/v2\/categories?post=44370"},{"taxonomy":"post_tag","embeddable":true,"href":"https:\/\/anprotec.org.br\/site\/wp-json\/wp\/v2\/tags?post=44370"},{"taxonomy":"calendar","embeddable":true,"href":"https:\/\/anprotec.org.br\/site\/wp-json\/wp\/v2\/calendar?post=44370"}],"curies":[{"name":"wp","href":"https:\/\/api.w.org\/{rel}","templated":true}]}}