{"id":44008,"date":"2023-01-18T11:02:21","date_gmt":"2023-01-18T14:02:21","guid":{"rendered":"https:\/\/anprotec.org.br\/site\/?p=44008"},"modified":"2025-02-24T17:05:25","modified_gmt":"2025-02-24T20:05:25","slug":"programa-de-imersao-em-inovacao-leva-empresarios-brasileiros-para-os-estados-unidos","status":"publish","type":"post","link":"https:\/\/anprotec.org.br\/site\/2023\/01\/programa-de-imersao-em-inovacao-leva-empresarios-brasileiros-para-os-estados-unidos\/","title":{"rendered":"Programa de Imers\u00e3o em Inova\u00e7\u00e3o leva empres\u00e1rios brasileiros para os Estados Unidos"},"content":{"rendered":"<p><em><img decoding=\"async\" loading=\"lazy\" class=\" wp-image-44009 alignleft\" src=\"https:\/\/anprotec.org.br\/site\/wp-content\/uploads\/2023\/01\/EUA.png\" alt=\"\" width=\"348\" height=\"230\" srcset=\"https:\/\/anprotec.org.br\/site\/wp-content\/uploads\/2023\/01\/EUA.png 741w, https:\/\/anprotec.org.br\/site\/wp-content\/uploads\/2023\/01\/EUA-300x199.png 300w, https:\/\/anprotec.org.br\/site\/wp-content\/uploads\/2023\/01\/EUA-220x146.png 220w, https:\/\/anprotec.org.br\/site\/wp-content\/uploads\/2023\/01\/EUA-50x33.png 50w, https:\/\/anprotec.org.br\/site\/wp-content\/uploads\/2023\/01\/EUA-113x75.png 113w\" sizes=\"(max-width: 348px) 100vw, 348px\" \/>Programa ser\u00e1 realizado entre os dias 13 e 17 de fevereiro nas cidades de Nova Iorque, Washington e Boston; inscri\u00e7\u00f5es est\u00e3o abertas<\/em><\/p>\n<p>Empres\u00e1rios brasileiros que desenvolvem projetos de inova\u00e7\u00e3o industrial ter\u00e3o a oportunidade de participar de um programa de imers\u00e3o no mercado norte-americano, em locais como o MIT, o Departamento de Energia (DoE) e a Cornell Tech, entre os dias 13 e 17 de fevereiro. A iniciativa faz parte do Mobiliza\u00e7\u00e3o Empresarial pela Inova\u00e7\u00e3o (MEI), coordenada pela CNI (Confedera\u00e7\u00e3o Nacional da Ind\u00fastria) com apoio da Embrapii (Empresa Brasileira de Apoio \u00e0 Pesquisa e Inova\u00e7\u00e3o Industrial). As\u00a0<a href=\"https:\/\/www.portaldaindustria.com.br\/cni\/canais\/mei\/programas-mei\/imersoes\/\">inscri\u00e7\u00f5es est\u00e3o abertas<\/a>.<\/p>\n<p>\u201cO setor industrial brasileiro possui enorme potencial de internacionaliza\u00e7\u00e3o de neg\u00f3cios. Os programas de imers\u00e3o s\u00e3o importantes porque d\u00e3o aos nossos empres\u00e1rios a oportunidade de conhecer as particularidades do mercado no exterior. Os participantes poder\u00e3o definir estrat\u00e9gias eficientes para internacionaliza\u00e7\u00e3o de seus produtos ou servi\u00e7os, de forma que possam trabalhar na prospec\u00e7\u00e3o de clientes e abrir portas para novos neg\u00f3cios\u201d, destaca Igor Manh\u00e3es Nazareth, presidente interino da Embrapii.<\/p>\n<p>O programa prev\u00ea um amplo calend\u00e1rio de atividades nas cidades de Nova Iorque, Washington e Boston, nos Estados Unidos. Os temas norteadores desta edi\u00e7\u00e3o s\u00e3o manufatura avan\u00e7ada, inova\u00e7\u00e3o aberta, ind\u00fastria 4.0, venture capital, estrat\u00e9gia em ci\u00eancia, tecnologia e inova\u00e7\u00e3o, e empreendedorismo. Ao longo da imers\u00e3o, eles v\u00e3o conhecer de perto o ecossistema de inova\u00e7\u00e3o norte-americano, com visitas a institui\u00e7\u00f5es de governo, empresas de inova\u00e7\u00e3o aberta, entidades de desenvolvimento econ\u00f4mico, fundos de venture capital, universidades e laborat\u00f3rios do Manufacturing USA.<\/p>\n<p>Durante toda a viagem, o grupo vai contar com suporte t\u00e9cnico e acompanhamento da equipe organizadora, al\u00e9m de servi\u00e7o de tradu\u00e7\u00e3o simult\u00e2nea. Ao final da imers\u00e3o, todos os empres\u00e1rios receber\u00e3o certificado eletr\u00f4nico de participa\u00e7\u00e3o e demais materiais de refer\u00eancia.<\/p>\n<p><strong>Calend\u00e1rio<\/strong><\/p>\n<p>A imers\u00e3o ter\u00e1 in\u00edcio no dia 13, em Washington, com visita ao Council on Competitiveness, organiza\u00e7\u00e3o americana sem fins lucrativos, como miss\u00e3o de aumentar a competitividade econ\u00f4mica dos Estados Unidos no mercado global. Na mesma data, os empres\u00e1rios v\u00e3o participar de apresenta\u00e7\u00f5es da National Science Foundation (NSF) e do Departamento de Energia (DoE) sobre suas atua\u00e7\u00f5es no fomento \u00e0 inova\u00e7\u00e3o nos EUA. Os participantes tamb\u00e9m far\u00e3o visita ao campus e showrooms do National Institute of Standards and Technology (NIST).<\/p>\n<p>Nos dias 14 e 15, a imers\u00e3o ocorrer\u00e1 em Nova Iorque come\u00e7ando com visita ao SOSA, plataforma global de inova\u00e7\u00e3o aberta que atua na busca e valida\u00e7\u00e3o de startups e tecnologias. A agenda inclui tamb\u00e9m visitas ao New York Biolabs at NYU Langone e ao campus da Cornell Tech. A passagem por NY se encerra com as atividades no Brooklyn Navy Yard, um parque industrial, que \u00e9 reconhecido como modelo de viabilidade e impacto positivo em termos de desenvolvimento industrial urbano moderno.<\/p>\n<p>Nos dias 16 e 17, o grupo estar\u00e1 em Boston e iniciar\u00e1 as atividades com visita ao campus da Universidade de Harvard, com a\u00e7\u00f5es no Escrit\u00f3rio de Desenvolvimento de Tecnologia da Universidade. Em seguida, far\u00e3o visita \u00e0 AFFOA (Advanced Functional Fabrics of America), um dos institutos da rede Manufacturing USA. O grupo ainda vai conhecer as instala\u00e7\u00f5es do MIT, com visita ao Media Lab \u2013 que compreende uma ampla agenda de pesquisa e um programa de p\u00f3s-gradua\u00e7\u00e3o em Artes e Ci\u00eancias da M\u00eddia -, e assistir a uma apresenta\u00e7\u00e3o do MIT Reap, aceleradora de Empreendedorismo Regional que seleciona, anualmente, grupos stakeholders de ecossistemas de inova\u00e7\u00e3o de todo o mundo para acelerar o desenvolvimento dessas regi\u00f5es<\/p>\n<p><strong>A\u00e7\u00f5es de prepara\u00e7\u00e3o<br \/>\n<\/strong><br \/>\nAl\u00e9m do cronograma da viagem, o programa de imers\u00e3o realizado por meio da parceria entre a Embrapii e a CNI inclui ainda atividades anteriores \u00e0 viagem, destinadas \u00e0 prepara\u00e7\u00e3o dos empres\u00e1rios para a imers\u00e3o. Inicialmente \u00e9 realizado o alinhamento conceitual, com realiza\u00e7\u00e3o de palestras, debates e estudos de caso sobre os temas norteadores da imers\u00e3o. Eles recebem ainda um caderno t\u00e9cnico contendo a agenda detalhada e os perfis dos participantes e anfitri\u00f5es.<\/p>\n<p><strong>Sobre a MEI<\/strong><\/p>\n<p>Criada em 2008, a Mobiliza\u00e7\u00e3o Empresarial pela Inova\u00e7\u00e3o (MEI), coordenada pela Confedera\u00e7\u00e3o Nacional da Ind\u00fastria (CNI), tem o objetivo de trabalhar para que a inova\u00e7\u00e3o seja reconhecida como imprescind\u00edvel para o Brasil alcan\u00e7ar o crescimento econ\u00f4mico e o bem-estar social. A MEI, como protagonista na colabora\u00e7\u00e3o e no engajamento entre os setores privado, p\u00fablico e acad\u00eamico, aponta para a import\u00e2ncia da proposi\u00e7\u00e3o de pol\u00edticas p\u00fablicas de CT&amp;I, que visem ampliar e orientar capacidades, ativos, voca\u00e7\u00f5es e compet\u00eancias.<\/p>\n<p>Fonte: <a href=\"https:\/\/embrapii.org.br\/programa-de-imersao-em-inovacao-leva-empresarios-brasileiros-para-os-estados-unidos\/\">Embrapii<\/a><\/p>\n","protected":false},"excerpt":{"rendered":"<p>Programa ser\u00e1 realizado entre os dias 13 e 17 de<span class=\"excerpt-hellip\"> [\u2026]<\/span><\/p>\n","protected":false},"author":8,"featured_media":44009,"comment_status":"closed","ping_status":"closed","sticky":false,"template":"","format":"standard","meta":{"footnotes":"","_links_to":"","_links_to_target":""},"categories":[3,414],"tags":[],"calendar":[],"_links":{"self":[{"href":"https:\/\/anprotec.org.br\/site\/wp-json\/wp\/v2\/posts\/44008"}],"collection":[{"href":"https:\/\/anprotec.org.br\/site\/wp-json\/wp\/v2\/posts"}],"about":[{"href":"https:\/\/anprotec.org.br\/site\/wp-json\/wp\/v2\/types\/post"}],"author":[{"embeddable":true,"href":"https:\/\/anprotec.org.br\/site\/wp-json\/wp\/v2\/users\/8"}],"replies":[{"embeddable":true,"href":"https:\/\/anprotec.org.br\/site\/wp-json\/wp\/v2\/comments?post=44008"}],"version-history":[{"count":2,"href":"https:\/\/anprotec.org.br\/site\/wp-json\/wp\/v2\/posts\/44008\/revisions"}],"predecessor-version":[{"id":44011,"href":"https:\/\/anprotec.org.br\/site\/wp-json\/wp\/v2\/posts\/44008\/revisions\/44011"}],"wp:featuredmedia":[{"embeddable":true,"href":"https:\/\/anprotec.org.br\/site\/wp-json\/wp\/v2\/media\/44009"}],"wp:attachment":[{"href":"https:\/\/anprotec.org.br\/site\/wp-json\/wp\/v2\/media?parent=44008"}],"wp:term":[{"taxonomy":"category","embeddable":true,"href":"https:\/\/anprotec.org.br\/site\/wp-json\/wp\/v2\/categories?post=44008"},{"taxonomy":"post_tag","embeddable":true,"href":"https:\/\/anprotec.org.br\/site\/wp-json\/wp\/v2\/tags?post=44008"},{"taxonomy":"calendar","embeddable":true,"href":"https:\/\/anprotec.org.br\/site\/wp-json\/wp\/v2\/calendar?post=44008"}],"curies":[{"name":"wp","href":"https:\/\/api.w.org\/{rel}","templated":true}]}}