{"id":4397,"date":"2013-10-15T18:30:19","date_gmt":"2013-10-15T21:30:19","guid":{"rendered":"http:\/\/anprotec.org.br\/site\/?p=4397"},"modified":"2013-10-16T14:53:03","modified_gmt":"2013-10-16T17:53:03","slug":"artigos-sao-apresentados-em-sessoes-e-workshops","status":"publish","type":"post","link":"https:\/\/anprotec.org.br\/site\/2013\/10\/artigos-sao-apresentados-em-sessoes-e-workshops\/","title":{"rendered":"<!--:pt-->Artigos s\u00e3o apresentados em sess\u00f5es e workshops<!--:-->"},"content":{"rendered":"<p><!--:pt--><\/p>\n<p style=\"text-align: justify;\"><img decoding=\"async\" loading=\"lazy\" class=\"alignleft size-thumbnail wp-image-4398\" alt=\"10297974085_d22d8f80bc\" src=\"https:\/\/anprotec.org.br\/site\/wp-content\/uploads\/2013\/10\/10297974085_d22d8f80bc-270x160.jpg\" width=\"270\" height=\"160\" \/><\/p>\n<p dir=\"ltr\" style=\"text-align: justify;\">Representantes de mais de 15 pa\u00edses compartilharam suas experi\u00eancias em tr\u00eas sess\u00f5es paralelas e quatro workshops na tarde de hoje (15\/10), durante a Confer\u00eancia Mundial da IASP e o Semin\u00e1rio Nacional da Anprotec. O foco das palestras foi a apresenta\u00e7\u00e3o de artigos aprovados pela Chamada de Trabalhos \u00a0da IASP. Ao final da apresenta\u00e7\u00e3o dos autores, \u00a0foram realizadas discuss\u00f5es entre os participantes sobre os temas expostos.<\/p>\n<p dir=\"ltr\" style=\"text-align: justify;\">As sess\u00f5es e workshops se concentraram em duas tem\u00e1ticas principais relacionadas a parques cient\u00edficos e tecnol\u00f3gicos e a ambientes de inova\u00e7\u00e3o: estrat\u00e9gias de localiza\u00e7\u00e3o e as novas modelagens de espa\u00e7o. Na primeira parte da tarde, Malcolm Parry, diretor administrativo do\u00a0<em>Surray Research Park<\/em>, do Reino Unido, moderou a sess\u00e3o \u201cSistemas Inteligentes e a Infraestrutura dos Ambientes de Inova\u00e7\u00e3o\u201d, enquanto Herbert Chen, vice-presidente s\u00eanior do\u00a0<em>TusPark<\/em>, da China, coordenou as apresenta\u00e7\u00f5es de trabalhos sobre parques tecnol\u00f3gicos e sua rela\u00e7\u00e3o com a localiza\u00e7\u00e3o das cidades.<\/p>\n<p dir=\"ltr\" style=\"text-align: justify;\">J\u00e1 na segunda parte da tarde, a sess\u00e3o paralela \u201cConstruindo parques cient\u00edficos e tecnol\u00f3gicos e ambientes de inova\u00e7\u00e3o mais habit\u00e1veis e am\u00e1veis\u201d, abordou t\u00f3picos como arquitetura do conhecimento e uni\u00e3o de trabalho e entretenimento, com a modera\u00e7\u00e3o de Mikael Johnsoson, candidato a PhD em Inova\u00e7\u00e3o no\u00a0<em>Munktell Science Park<\/em>, da Su\u00e9cia.<\/p>\n<p dir=\"ltr\" style=\"text-align: justify;\"><strong>Workshops<\/strong><\/p>\n<p dir=\"ltr\" style=\"text-align: justify;\">Ao longo da tarde, dois workshops discutiram o que os ambientes representam para as cidades e vice-versa. Os brasileiros Jos\u00e9 Eduardo Fiates, conselheiro da Anprotec, e Guilherme Ary Plonski, coordenador cient\u00edfico\u00a0do N\u00facleo de Pol\u00edtica e Gest\u00e3o Tecnol\u00f3gica da USP, foram os moderadores.<\/p>\n<p style=\"text-align: justify;\">No workshop 3, a atua\u00e7\u00e3o dos parques foi relacionada ao conceito de sociedade m\u00f3vel. Moderada por Valerie D\u2019Costa, dos Estados Unidos, a atividade teve a participa\u00e7\u00e3o de palestrantes do Brasil, da Ar\u00e1bia Saudita, do Reino Unido e da China. J\u00e1 no workshop 4 foram relatadas experi\u00eancias incomuns em arranjos cient\u00edficos e iniciativas tecnol\u00f3gicas, com apresenta\u00e7\u00f5es de Su\u00e9cia, Espanha, Argentina e Brasil. O quarto workshop foi moderado por Carol Stewart, do Canad\u00e1.<\/p>\n<p><!--:--><\/p>\n","protected":false},"excerpt":{"rendered":"<p><!--:pt-->Palestrantes apresentaram artigos aprovados pela Chamada de Trabalhos da IASP. Ao final da apresenta\u00e7\u00e3o dos autores,  foram realizadas discuss\u00f5es entre os participantes sobre os temas expostos.<!--:--><\/p>\n","protected":false},"author":8,"featured_media":4398,"comment_status":"open","ping_status":"open","sticky":false,"template":"","format":"standard","meta":{"footnotes":"","_links_to":"","_links_to_target":""},"categories":[3],"tags":[],"calendar":[],"_links":{"self":[{"href":"https:\/\/anprotec.org.br\/site\/wp-json\/wp\/v2\/posts\/4397"}],"collection":[{"href":"https:\/\/anprotec.org.br\/site\/wp-json\/wp\/v2\/posts"}],"about":[{"href":"https:\/\/anprotec.org.br\/site\/wp-json\/wp\/v2\/types\/post"}],"author":[{"embeddable":true,"href":"https:\/\/anprotec.org.br\/site\/wp-json\/wp\/v2\/users\/8"}],"replies":[{"embeddable":true,"href":"https:\/\/anprotec.org.br\/site\/wp-json\/wp\/v2\/comments?post=4397"}],"version-history":[{"count":2,"href":"https:\/\/anprotec.org.br\/site\/wp-json\/wp\/v2\/posts\/4397\/revisions"}],"predecessor-version":[{"id":4419,"href":"https:\/\/anprotec.org.br\/site\/wp-json\/wp\/v2\/posts\/4397\/revisions\/4419"}],"wp:featuredmedia":[{"embeddable":true,"href":"https:\/\/anprotec.org.br\/site\/wp-json\/wp\/v2\/media\/4398"}],"wp:attachment":[{"href":"https:\/\/anprotec.org.br\/site\/wp-json\/wp\/v2\/media?parent=4397"}],"wp:term":[{"taxonomy":"category","embeddable":true,"href":"https:\/\/anprotec.org.br\/site\/wp-json\/wp\/v2\/categories?post=4397"},{"taxonomy":"post_tag","embeddable":true,"href":"https:\/\/anprotec.org.br\/site\/wp-json\/wp\/v2\/tags?post=4397"},{"taxonomy":"calendar","embeddable":true,"href":"https:\/\/anprotec.org.br\/site\/wp-json\/wp\/v2\/calendar?post=4397"}],"curies":[{"name":"wp","href":"https:\/\/api.w.org\/{rel}","templated":true}]}}