{"id":4385,"date":"2013-10-15T17:19:45","date_gmt":"2013-10-15T20:19:45","guid":{"rendered":"http:\/\/anprotec.org.br\/site\/?p=4385"},"modified":"2013-10-15T17:22:21","modified_gmt":"2013-10-15T20:22:21","slug":"plenaria-discute-interacao-entre-parques-e-cidades","status":"publish","type":"post","link":"https:\/\/anprotec.org.br\/site\/2013\/10\/plenaria-discute-interacao-entre-parques-e-cidades\/","title":{"rendered":"<!--:pt-->Plen\u00e1ria aborda intera\u00e7\u00e3o entre parques e cidades<!--:-->"},"content":{"rendered":"<p><!--:pt--><\/p>\n<p style=\"text-align: justify;\"><img decoding=\"async\" loading=\"lazy\" class=\"alignleft size-thumbnail wp-image-4386\" alt=\"anthony\" src=\"https:\/\/anprotec.org.br\/site\/wp-content\/uploads\/2013\/10\/anthony-270x160.jpg\" width=\"270\" height=\"160\" \/>Realizada ap\u00f3s a Cerim\u00f4nia de Abertura do Semin\u00e1rio Nacional, a sess\u00e3o plen\u00e1ria 1 foi dedicada \u00e0 discuss\u00e3o do tema do evento: parques tecnol\u00f3gicos e ambientes de inova\u00e7\u00e3o modelando novas cidades. O palestrante convidado foi Anthony Townsend (foto), diretor de pesquisa do\u00a0<a href=\"http:\/\/www.iftf.org\/home\/\" target=\"_blank\"><i>Institute for the Future<\/i><\/a>, dos Estados Unidos, e doutor em Planejamento Urbano e Regional pelo<a href=\"http:\/\/web.mit.edu\/\" target=\"_blank\"><i>Massachusetts Institute of Technology<\/i><\/a>.<\/p>\n<p style=\"text-align: justify;\">Townsend comentou causas, benef\u00edcios e perigos potenciais das chamadas cidades inteligentes, que, na defini\u00e7\u00e3o dele, \u201cs\u00e3o lugares em que a tecnologia da informa\u00e7\u00e3o \u00e9 utilizada para enfrentar os problemas urbanos\u201d.\u00a0 Segundo ele, a democratiza\u00e7\u00e3o da tecnologia da informa\u00e7\u00e3o pode gerar novas plataformas para que todos os cidad\u00e3os tenham acesso a oportunidades e recursos.<\/p>\n<p style=\"text-align: justify;\">Ap\u00f3s a apresenta\u00e7\u00e3o de Townsend, representantes de parques de dois pa\u00edses compartilharam experi\u00eancias relacionadas \u00e0 melhoria das cidades e regi\u00f5es onde est\u00e3o instalados.\u00a0 O exemplo brasileiro veio do<a href=\"http:\/\/www.portodigital.org\/\" target=\"_blank\">Porto Digital<\/a>, de Recife (PE), que apresentou o projeto\u00a0<a href=\"http:\/\/www.portoleve.org\/\" target=\"_blank\">Porto Leve<\/a>, que tem por objetivo contribuir para a melhoria da mobilidade urbana. A gerente de projetos do parque, Cidinha Gouveia (foto), apresentou os desafios que motivaram o projeto. \u201cUm dos grandes problemas enfrentados era a falta de vagas de estacionamento, al\u00e9m do tr\u00e2nsito congestionado\u201d, afirmou.<\/p>\n<p style=\"text-align: justify;\">O plano completo do Porto Leve \u00e9 composto por tr\u00eas etapas. A primeira engloba toda a parte de mobilidade, com destaque para a implanta\u00e7\u00e3o de esta\u00e7\u00f5es para empr\u00e9stimos de bicicleta (j\u00e1 implantadas) e carros el\u00e9tricos, incluindo a abertura de estacionamentos inteligentes \u2013 os quais indicam em um aplicativo de celular onde est\u00e3o as vagas.\u00a0A segunda fase tem \u00eanfase em seguran\u00e7a, por meio da leitura autom\u00e1tica de placas de carros que circularem na ilha do Bairro do Recife e coloca\u00e7\u00e3o de chips em alguns ve\u00edculos, que ter\u00e3o sua entrada e sa\u00edda monitorada. A terceira conta com a estrutura\u00e7\u00e3o de um centro de estudos, que ir\u00e1 fazer an\u00e1lises e propor solu\u00e7\u00f5es para problemas de seguran\u00e7a e tr\u00e2nsito. A implanta\u00e7\u00e3o ocorre conjuntamente com prefeitura do munic\u00edpio, que \u00e9 o respons\u00e1vel pela instala\u00e7\u00e3o dos equipamentos urbanos, como esta\u00e7\u00f5es de bicicletas e c\u00e2meras de monitoramento.<\/p>\n<p style=\"text-align: justify;\">O exemplo estrangeiro foi o parque cient\u00edfico e tecnol\u00f3gico\u00a0<a href=\"http:\/\/www.adlershof.de\/en\/homepage\/\" target=\"_blank\"><em>Berlin Adlershof<\/em><\/a>,<i>\u00a0<\/i>da Alemanha, que foi apresentada pelo CEO Hardy Schmitz (foto). Instalado em uma regi\u00e3o que antes n\u00e3o tinha nenhum estabelecimento sobrevivente \u00e0 reunifica\u00e7\u00e3o do pa\u00eds, o parque conta atualmente com 950 companhias, 15 mil empregados e 8 mil estudantes, reunidos em um ambiente prop\u00edcio para estudar, abrir um neg\u00f3cio e v\u00ea-lo crescer. Solu\u00e7\u00f5es e oportunidades nas \u00e1reas de \u00f3tica, materiais, m\u00eddia, meio ambiente e fotovoltaicos s\u00e3o amparadas pelos laborat\u00f3rios ao mesmo tempo em que atividades culturais, com\u00e9rcios e parques oferecem qualidade de vida aos cidad\u00e3os.<\/p>\n<p style=\"text-align: justify;\">Das ideias provenientes do<em>\u00a0Berlin Adlershof<\/em>\u00a0que t\u00eam sido implantadas na capital da Alemanha, as que mais chamam aten\u00e7\u00e3o s\u00e3o as da \u00e1rea de energia renov\u00e1vel. No parque, a transi\u00e7\u00e3o de energia est\u00e1 se tornando uma realidade por meio de 36 empresas que atuam na \u00e1rea. As pesquisas incluem tecnologias de filme-fino solar, novos sistemas de armazenamento de energia, eletromobilidade e redes inteligentes.<\/p>\n<p style=\"text-align: justify;\">Para finalizar a plen\u00e1ria, a presidente do Conselho Consultivo da IASP, Jane Davies, falou da 3\u00aa gera\u00e7\u00e3o de parques a \u00e1reas de inova\u00e7\u00e3o.<\/p>\n<p style=\"text-align: justify;\"><em>*Fotos: Cristiana Dias\/Divulga\u00e7\u00e3o<\/em><\/p>\n<p><!--:--><\/p>\n","protected":false},"excerpt":{"rendered":"<p><!--:pt-->Anthony Townsend, diretor de pesquisa do Institute for the Future, conduziu a palestra. O evento foi dedicado \u00e0 discuss\u00e3o do tema oficial do Semin\u00e1rio: parques tecnol\u00f3gicos modelando novas cidades.<!--:--><\/p>\n","protected":false},"author":8,"featured_media":4386,"comment_status":"open","ping_status":"open","sticky":false,"template":"","format":"standard","meta":{"footnotes":"","_links_to":"","_links_to_target":""},"categories":[3],"tags":[],"calendar":[],"_links":{"self":[{"href":"https:\/\/anprotec.org.br\/site\/wp-json\/wp\/v2\/posts\/4385"}],"collection":[{"href":"https:\/\/anprotec.org.br\/site\/wp-json\/wp\/v2\/posts"}],"about":[{"href":"https:\/\/anprotec.org.br\/site\/wp-json\/wp\/v2\/types\/post"}],"author":[{"embeddable":true,"href":"https:\/\/anprotec.org.br\/site\/wp-json\/wp\/v2\/users\/8"}],"replies":[{"embeddable":true,"href":"https:\/\/anprotec.org.br\/site\/wp-json\/wp\/v2\/comments?post=4385"}],"version-history":[{"count":5,"href":"https:\/\/anprotec.org.br\/site\/wp-json\/wp\/v2\/posts\/4385\/revisions"}],"predecessor-version":[{"id":4391,"href":"https:\/\/anprotec.org.br\/site\/wp-json\/wp\/v2\/posts\/4385\/revisions\/4391"}],"wp:featuredmedia":[{"embeddable":true,"href":"https:\/\/anprotec.org.br\/site\/wp-json\/wp\/v2\/media\/4386"}],"wp:attachment":[{"href":"https:\/\/anprotec.org.br\/site\/wp-json\/wp\/v2\/media?parent=4385"}],"wp:term":[{"taxonomy":"category","embeddable":true,"href":"https:\/\/anprotec.org.br\/site\/wp-json\/wp\/v2\/categories?post=4385"},{"taxonomy":"post_tag","embeddable":true,"href":"https:\/\/anprotec.org.br\/site\/wp-json\/wp\/v2\/tags?post=4385"},{"taxonomy":"calendar","embeddable":true,"href":"https:\/\/anprotec.org.br\/site\/wp-json\/wp\/v2\/calendar?post=4385"}],"curies":[{"name":"wp","href":"https:\/\/api.w.org\/{rel}","templated":true}]}}