{"id":43835,"date":"2022-12-07T13:29:32","date_gmt":"2022-12-07T16:29:32","guid":{"rendered":"https:\/\/anprotec.org.br\/site\/?p=43835"},"modified":"2025-02-25T15:31:32","modified_gmt":"2025-02-25T18:31:32","slug":"sebrae-leva-debate-sobre-inovacao-e-diversidade-para-a-32a-conferencia-da-anprotec","status":"publish","type":"post","link":"https:\/\/anprotec.org.br\/site\/2022\/12\/sebrae-leva-debate-sobre-inovacao-e-diversidade-para-a-32a-conferencia-da-anprotec\/","title":{"rendered":"Sebrae leva debate sobre inova\u00e7\u00e3o e diversidade para a 32\u00aa Confer\u00eancia da Anprotec"},"content":{"rendered":"<p>Na manh\u00e3 desta ter\u00e7a-feira (6) o Sebrae realizou o F\u00f3rum Sebrae de inova\u00e7\u00e3o, atividade que comp\u00f5e a programa\u00e7\u00e3o da 32\u00aa Confer\u00eancia da Anprotec, que tem como tema \u201c200 anos de Independ\u00eancia: o cen\u00e1rio da C,T&amp;I no Brasil\u201d e acontece no Centro de Conven\u00e7\u00f5es de Salvador de 5 a 7 de dezembro. A proposta do Sebrae para o f\u00f3rum endere\u00e7a conte\u00fados estrat\u00e9gicos da institui\u00e7\u00e3o, alinhados ao tema central do evento com abordagem sobre o Futuro da agenda de C,T&amp;I no pa\u00eds.<\/p>\n<p>\u201cO F\u00f3rum de inova\u00e7\u00e3o tem como objetivo discutir os principais assuntos que est\u00e3o no cen\u00e1rio atual e que s\u00e3o os temas mais importantes, principalmente nas quest\u00f5es de inova\u00e7\u00e3o e tecnologia. Esse \u00e9 um momento de se falar sobre sustentabilidade, ESG, temas portadores de futuro, distritos inovadores, Smart Cities e outros temas que s\u00e3o muito pertinentes ao nosso cen\u00e1rio atual\u201d, salientou o coordenador de Neg\u00f3cios Inovadores do Sebrae Bahia, Tauan Reis.<\/p>\n<p><img decoding=\"async\" loading=\"lazy\" class=\"alignright wp-image-7021\" src=\"https:\/\/ba.agenciasebrae.com.br\/wp-content\/uploads\/sites\/6\/2022\/12\/20221206_ANPROTEC_0216-scaled.jpg\" alt=\"\" width=\"398\" height=\"265\" \/><\/p>\n<p>A manh\u00e3 de programa\u00e7\u00e3o do F\u00f3rum Sebrae de Inova\u00e7\u00e3o contou com a palestra \u201cComportamento e sociedade\u201d do cientista, professor e empreendedor brasileiro com atua\u00e7\u00e3o na \u00e1rea de engenharia de software e inova\u00e7\u00e3o, Silvio Meira.<\/p>\n<p>Na sequ\u00eancia, S\u00edlvio mediou o painel \u201cTecnologias portadoras de futuro\u201d, com o Prof. Rodrigo Capaz, diretor do Laborat\u00f3rio Nacional de Nanotecnologia (LNNano)\/CNPEM, que falou de Tecnologias qu\u00e2nticas; Andr\u00e9 Oliveira, gerente executivo do Senai Cimatec, que tratou de Manufatura Aditiva na Ind\u00fastria 4.0; e Ana Paula Teixeira, pesquisadora da UFMG em ESG e Sustentabilidade, que compartilhou sobre Tecnologias Verdes.<\/p>\n<p>O painel \u201cMercado inclusivo\u201d aconteceu logo em seguida com a contribui\u00e7\u00e3o de Karine Oliveira, CEO da Wakanda Educa\u00e7\u00e3o, que trouxe a vis\u00e3o do Empreendedorismo Perif\u00e9rico; Gabriela Werner, CEO da Impact Hub Brasil e Board do Impact Hub Global, que abordou o Impacto Social; e Claudio Nascimento, head de Acelera\u00e7\u00e3o dos ODS\/Ikone Global, apresentou a perspectiva do Empreendedorismo de ra\u00e7a. A media\u00e7\u00e3o foi realizada por Paulo Renato Cabral, gerente de Inova\u00e7\u00e3o Sebrae Nacional.<\/p>\n<p>Segundo Paulo Renato, h\u00e1 uma discrep\u00e2ncia no cen\u00e1rio atual de inova\u00e7\u00e3o junto \u00e0 sociedade. \u201cNo sentido tecnol\u00f3gico, surreal. Agora, no avan\u00e7o social, da inclus\u00e3o e de aceita\u00e7\u00e3o, a gente est\u00e1 muito atr\u00e1s. Acho que a ci\u00eancia humana se torna, agora, a ci\u00eancia mais importante desse novo s\u00e9culo pra gente avan\u00e7ar\u201d, defendeu.<br \/>\nPaulo fez, ainda, um panorama sobre a atua\u00e7\u00e3o do Sebrae em todo o pa\u00eds. \u201cNo in\u00edcio dessa gest\u00e3o, do Rio Grande do Sul ao Amap\u00e1, do Acre \u00e0 Para\u00edba, a cada 10 empreendedores no Brasil, o Sebrae atendia dois. Hoje, em todos os 27 estados, a cada tr\u00eas pessoas que empreendem, uma \u00e9 apoiada ou \u00e9 atendida pelo Sebrae. Ao contr\u00e1rio do que a gente falou aqui de escolhas, o Sebrae n\u00e3o pode fazer escolhas, tem que ser para todo mundo que empreende\u201d, afirmou.<\/p>\n<p><strong>Parceria Sebrae e Anprotec<\/strong><br \/>\nAo final na manh\u00e3, Paulo Renato Cabral e Guila Calheiros, superintendente executivo da Anprotec, anunciaram para o p\u00fablico, o conv\u00eanio firmado entre o Sebrae e a Anprotec para a realiza\u00e7\u00e3o do Sebraetec Neg\u00f3cios Inovadores, com aporte financeiro de at\u00e9 R$ 103 milh\u00f5es em tr\u00eas anos, a partir de 2023.<\/p>\n<div id=\"attachment_7020\" class=\"wp-caption alignleft\"><img decoding=\"async\" loading=\"lazy\" class=\"wp-image-7020\" src=\"https:\/\/ba.agenciasebrae.com.br\/wp-content\/uploads\/sites\/6\/2022\/12\/20221206_ANPROTEC_0412-scaled.jpg\" alt=\"\" width=\"398\" height=\"265\" \/><\/div>\n<p>O projeto que vai unir um movimento de incubadoras, aceleradoras e parques tecnol\u00f3gicos, lideradas pela Anprotec, \u00e0 expertise do Sebrae em impulsionar novos neg\u00f3cios via Sebraetec, com a cria\u00e7\u00e3o da linha Neg\u00f3cios Inovadores.<\/p>\n<p>A Anprotec possui uma rede de mais de 300 incubadoras e aceleradoras associadas, que ser\u00e3o convidadas a se tornarem prestadoras de servi\u00e7o do Sebraetec. Al\u00e9m disso, a Anprotec ser\u00e1 respons\u00e1vel por divulgar as solu\u00e7\u00f5es, capacitar potenciais empreendedores e acompanhar os projetos. J\u00e1 o Sebraetec levar\u00e1 consultorias visando a incuba\u00e7\u00e3o\/acelera\u00e7\u00e3o dos pequenos neg\u00f3cios inovadores.<\/p>\n<p>A ideia \u00e9 que essa receita permita a expans\u00e3o e a consolida\u00e7\u00e3o dos ambientes de inova\u00e7\u00e3o. No conv\u00eanio pretende o credenciar e qualificar de 120 incubadoras e 30 aceleradoras, a capacitar de 4.150 potenciais empreendedores inovadores, al\u00e9m de tender a 5.850 startups por meio das fichas t\u00e9cnicas destinadas a: Pr\u00e9-incubar (Valida\u00e7\u00e3o de Neg\u00f3cios), Incubar (Opera\u00e7\u00e3o de Mercado) e Acelerar (Opera\u00e7\u00e3o de Mercado).<\/p>\n<p>De acordo com o diretor t\u00e9cnico do Sebrae Nacional, Bruno Quick, o Brasil, assim como o mundo, sofre com a concentra\u00e7\u00e3o de renda. \u201cSe os pequenos n\u00e3o inovarem, se a inova\u00e7\u00e3o n\u00e3o chegar nos pequenos, n\u00f3s vamos trombar logo ali na esquina com uma concentra\u00e7\u00e3o insustent\u00e1vel. Voc\u00eas s\u00e3o aqueles que o Brasil precisa porque esse \u2018model\u00e3o\u2019 venceu e tem que inovar. O Sebrae tem as ferramentas todas e n\u00f3s vamos tentar ficar juntos pra poder us\u00e1-las da melhor forma poss\u00edvel\u201d, garantiu.<\/p>\n<p>J\u00e1 o presidente da Anprotec, Francisco Saboya, destacou que esta parceria com o Sebrae talvez seja a maior opera\u00e7\u00e3o da Anprotec na sua exist\u00eancia. \u201cAnprotec tem 35 anos e a gente vai mudar de escala com esse programa. A entrega que passaremos a fazer diretamente com os mecanismos por parte das incubadoras e aceleradoras, \u00e9 numa escala que, at\u00e9 ent\u00e3o, n\u00e3o tinha na nossa hist\u00f3ria\u201d, reconheceu.<\/p>\n<p>Saboya acrescentou, ainda, que isso se deve a uma nova entrada que o Sebrae est\u00e1 vivendo na sua hist\u00f3ria que olha pro pequeno neg\u00f3cio entendendo que n\u00e3o \u00e9 mais apenas o tradicional. \u201cO Sebrae vem olhando tamb\u00e9m para um pequeno neg\u00f3cio que a gente costuma chamar de startup e percebendo que ele necessita fazer a sua transforma\u00e7\u00e3o, a sua transi\u00e7\u00e3o digital. E ningu\u00e9m tem mais inova\u00e7\u00e3o do que o nosso sistema de parques, incubadoras e aceleradoras\u201d.<\/p>\n<p>Fonte: <a href=\"https:\/\/ba.agenciasebrae.com.br\/inovacao\/sebrae-leva-debate-sobre-inovacao-para-a-32a-conferencia-da-anprotec\/\">Ag\u00eancia Sebrae de Not\u00edcias<\/a><\/p>\n","protected":false},"excerpt":{"rendered":"<p>Na manh\u00e3 desta ter\u00e7a-feira (6) o Sebrae realizou o F\u00f3rum<span class=\"excerpt-hellip\"> [\u2026]<\/span><\/p>\n","protected":false},"author":8,"featured_media":43836,"comment_status":"closed","ping_status":"closed","sticky":false,"template":"","format":"standard","meta":{"footnotes":"","_links_to":"","_links_to_target":""},"categories":[411,395,3],"tags":[],"calendar":[],"_links":{"self":[{"href":"https:\/\/anprotec.org.br\/site\/wp-json\/wp\/v2\/posts\/43835"}],"collection":[{"href":"https:\/\/anprotec.org.br\/site\/wp-json\/wp\/v2\/posts"}],"about":[{"href":"https:\/\/anprotec.org.br\/site\/wp-json\/wp\/v2\/types\/post"}],"author":[{"embeddable":true,"href":"https:\/\/anprotec.org.br\/site\/wp-json\/wp\/v2\/users\/8"}],"replies":[{"embeddable":true,"href":"https:\/\/anprotec.org.br\/site\/wp-json\/wp\/v2\/comments?post=43835"}],"version-history":[{"count":1,"href":"https:\/\/anprotec.org.br\/site\/wp-json\/wp\/v2\/posts\/43835\/revisions"}],"predecessor-version":[{"id":43837,"href":"https:\/\/anprotec.org.br\/site\/wp-json\/wp\/v2\/posts\/43835\/revisions\/43837"}],"wp:featuredmedia":[{"embeddable":true,"href":"https:\/\/anprotec.org.br\/site\/wp-json\/wp\/v2\/media\/43836"}],"wp:attachment":[{"href":"https:\/\/anprotec.org.br\/site\/wp-json\/wp\/v2\/media?parent=43835"}],"wp:term":[{"taxonomy":"category","embeddable":true,"href":"https:\/\/anprotec.org.br\/site\/wp-json\/wp\/v2\/categories?post=43835"},{"taxonomy":"post_tag","embeddable":true,"href":"https:\/\/anprotec.org.br\/site\/wp-json\/wp\/v2\/tags?post=43835"},{"taxonomy":"calendar","embeddable":true,"href":"https:\/\/anprotec.org.br\/site\/wp-json\/wp\/v2\/calendar?post=43835"}],"curies":[{"name":"wp","href":"https:\/\/api.w.org\/{rel}","templated":true}]}}