{"id":4378,"date":"2013-10-15T17:08:52","date_gmt":"2013-10-15T20:08:52","guid":{"rendered":"http:\/\/anprotec.org.br\/site\/?p=4378"},"modified":"2013-10-15T17:16:10","modified_gmt":"2013-10-15T20:16:10","slug":"cerimonia-de-abertura-reune-autoridades","status":"publish","type":"post","link":"https:\/\/anprotec.org.br\/site\/2013\/10\/cerimonia-de-abertura-reune-autoridades\/","title":{"rendered":"<!--:pt-->Cerim\u00f4nia de abertura do evento re\u00fane autoridades<!--:-->"},"content":{"rendered":"<p><!--:pt--><\/p>\n<p style=\"text-align: justify;\" align=\"center\"><img decoding=\"async\" loading=\"lazy\" class=\"alignleft size-thumbnail wp-image-4379\" alt=\"abertura2\" src=\"https:\/\/anprotec.org.br\/site\/wp-content\/uploads\/2013\/10\/abertura2-270x160.jpg\" width=\"270\" height=\"160\" \/>Diversas autoridades participaram, na manh\u00e3 de hoje (15\/10), da cerim\u00f4nia oficial de abertura do XXIII Semin\u00e1rio Nacional da\u00a0<a href=\"http:\/\/www.anprotec.org.br\/\" target=\"_blank\">Anprotec<\/a>\u00a0e da 30\u00aa Confer\u00eancia Mundial da\u00a0<a href=\"http:\/\/www.iasp.ws\/\" target=\"_blank\">IASP<\/a>, que foi conduzida pelo diretor geral da IASP, Luis Sanz. Durante a ocasi\u00e3o, autoridades governamentais e especialistas internacionais discorreram sobre o modo que as pol\u00edticas p\u00fablicas de ci\u00eancia, tecnologia e inova\u00e7\u00e3o (CT&amp;I) podem aprimorar a qualidade de vida e o desenvolvimento dos meios urbanos.<\/p>\n<p style=\"text-align: justify;\">Francilene Garcia, presidente da Anprotec, destacou que o setor produtivo vem olhando para os parques tecnol\u00f3gicos como um setor de desenvolvimento e, a partir deste evento em Recife, abrem-se oportunidades de coopera\u00e7\u00e3o com diferentes pa\u00edses. \u201cO Brasil mudou nos \u00faltimos anos. Estamos mais atrativos, oferecendo mais oportunidades e abertos ao di\u00e1logo e \u00e0 troca de ideias. Dentro do pa\u00eds estamos criando uma nova estrat\u00e9gia de desenvolvimento baseada nas empresas inovadoras\u201d, pontuou.<\/p>\n<p style=\"text-align: justify;\">Eduardo Campos, governador do estado de Pernambuco, enfatizou a import\u00e2ncia dos investimentos em CT&amp;I para o desenvolvimento local. \u201cEm Pernambuco, temos um foco especial nos arranjos produtivos, como o Porto Digital, que melhoram seu entorno como um todo\u201d. Al\u00e9m disso, Campos tamb\u00e9m elencou outras iniciativas estaduais em inova\u00e7\u00e3o, como o ParqTel \u2013 focado na produ\u00e7\u00e3o de hardware \u2013 e uma nova \u00e1rea de inova\u00e7\u00e3o na regi\u00e3o do Curado.<\/p>\n<p style=\"text-align: justify;\">Por sua vez, o ministro da Ci\u00eancia, Tecnologia e Inova\u00e7\u00e3o, Marco Antonio Raupp, diz-se convencido de que os parques tecnol\u00f3gicos s\u00e3o assunto para pol\u00edticas p\u00fablicas. Isso torna-se relevante, segundo ele, na medida em que os polos transformam as cidades, especialmente, sob o ponto de vista da mobilidade, da constru\u00e7\u00e3o sustent\u00e1vel e das tecnologias assistidas que melhoram a qualidade de vida do cidad\u00e3o.<\/p>\n<p style=\"text-align: justify;\">J\u00e1 Francisco Saboya, presidente do\u00a0<a href=\"http:\/\/www.portodigital.org\/\" target=\"_blank\">Porto Digital<\/a>, comentou que as \u00e1reas de inova\u00e7\u00e3o n\u00e3o s\u00f3 transformam a urbaniza\u00e7\u00e3o das cidades, mas tamb\u00e9m colaboram para uma mudan\u00e7a populacional. \u201cIniciativas como o Porto Digital t\u00eam um papel na requalifica\u00e7\u00e3o profissional dos cidad\u00e3os, o que traz uma eleva\u00e7\u00e3o da massa salarial da cidade como um todo,\u201d explicou Saboya.<\/p>\n<p style=\"text-align: justify;\">Tamb\u00e9m falaram na abertura do evento Rick Weddle, presidente da IASP e Carlos Alberto dos Santos, do\u00a0<a href=\"http:\/\/www.sebrae.com.br\/\" target=\"_blank\">Sebrae<\/a>, que apresentou um balan\u00e7o das principais a\u00e7\u00f5es do Sebrae para a gera\u00e7\u00e3o de inova\u00e7\u00e3o no Brasil e ressaltou a dimens\u00e3o do evento, que re\u00fane 65 pa\u00edses diferentes.<\/p>\n<p style=\"text-align: justify;\"><em>*Com informa\u00e7\u00f5es da Assessoria de Imprensa do Porto Digital.\u00a0Foto: Mariana Guerra\/Divulga\u00e7\u00e3o<\/em><\/p>\n<p><!--:--><\/p>\n","protected":false},"excerpt":{"rendered":"<p><!--:pt-->Durante a ocasi\u00e3o, o tema do evento \u201cParques Tecnol\u00f3gicos modelando novas cidades\u201d foi apresentado e discutido entre os participantes. A cerim\u00f4nia abre uma s\u00e9rie de atividades programadas at\u00e9 esta quinta-feira.<!--:--><\/p>\n","protected":false},"author":8,"featured_media":4379,"comment_status":"open","ping_status":"open","sticky":false,"template":"","format":"standard","meta":{"footnotes":"","_links_to":"","_links_to_target":""},"categories":[3],"tags":[],"calendar":[],"_links":{"self":[{"href":"https:\/\/anprotec.org.br\/site\/wp-json\/wp\/v2\/posts\/4378"}],"collection":[{"href":"https:\/\/anprotec.org.br\/site\/wp-json\/wp\/v2\/posts"}],"about":[{"href":"https:\/\/anprotec.org.br\/site\/wp-json\/wp\/v2\/types\/post"}],"author":[{"embeddable":true,"href":"https:\/\/anprotec.org.br\/site\/wp-json\/wp\/v2\/users\/8"}],"replies":[{"embeddable":true,"href":"https:\/\/anprotec.org.br\/site\/wp-json\/wp\/v2\/comments?post=4378"}],"version-history":[{"count":5,"href":"https:\/\/anprotec.org.br\/site\/wp-json\/wp\/v2\/posts\/4378\/revisions"}],"predecessor-version":[{"id":4383,"href":"https:\/\/anprotec.org.br\/site\/wp-json\/wp\/v2\/posts\/4378\/revisions\/4383"}],"wp:featuredmedia":[{"embeddable":true,"href":"https:\/\/anprotec.org.br\/site\/wp-json\/wp\/v2\/media\/4379"}],"wp:attachment":[{"href":"https:\/\/anprotec.org.br\/site\/wp-json\/wp\/v2\/media?parent=4378"}],"wp:term":[{"taxonomy":"category","embeddable":true,"href":"https:\/\/anprotec.org.br\/site\/wp-json\/wp\/v2\/categories?post=4378"},{"taxonomy":"post_tag","embeddable":true,"href":"https:\/\/anprotec.org.br\/site\/wp-json\/wp\/v2\/tags?post=4378"},{"taxonomy":"calendar","embeddable":true,"href":"https:\/\/anprotec.org.br\/site\/wp-json\/wp\/v2\/calendar?post=4378"}],"curies":[{"name":"wp","href":"https:\/\/api.w.org\/{rel}","templated":true}]}}