{"id":43763,"date":"2022-12-07T08:50:53","date_gmt":"2022-12-07T11:50:53","guid":{"rendered":"https:\/\/anprotec.org.br\/site\/?p=43763"},"modified":"2025-02-25T15:36:00","modified_gmt":"2025-02-25T18:36:00","slug":"forum-sebrae-de-inovacao-tem-painel-sobre-tecnologias-portadoras-de-futuro","status":"publish","type":"post","link":"https:\/\/anprotec.org.br\/site\/2022\/12\/forum-sebrae-de-inovacao-tem-painel-sobre-tecnologias-portadoras-de-futuro\/","title":{"rendered":"F\u00f3rum Sebrae de Inova\u00e7\u00e3o tem painel sobre tecnologias portadoras de futuro"},"content":{"rendered":"<p><span style=\"font-weight: 400\"><img decoding=\"async\" loading=\"lazy\" class=\"size-full wp-image-43764 alignleft\" src=\"https:\/\/anprotec.org.br\/site\/wp-content\/uploads\/2022\/12\/home-tecnologias.png\" alt=\"\" width=\"640\" height=\"400\" srcset=\"https:\/\/anprotec.org.br\/site\/wp-content\/uploads\/2022\/12\/home-tecnologias.png 640w, https:\/\/anprotec.org.br\/site\/wp-content\/uploads\/2022\/12\/home-tecnologias-300x188.png 300w, https:\/\/anprotec.org.br\/site\/wp-content\/uploads\/2022\/12\/home-tecnologias-234x146.png 234w, https:\/\/anprotec.org.br\/site\/wp-content\/uploads\/2022\/12\/home-tecnologias-50x31.png 50w, https:\/\/anprotec.org.br\/site\/wp-content\/uploads\/2022\/12\/home-tecnologias-120x75.png 120w\" sizes=\"(max-width: 640px) 100vw, 640px\" \/>O segundo painel do F\u00f3rum Sebrae de Inova\u00e7\u00e3o tratou do tema &#8216;Tecnologias portadoras de futuro&#8217; e teve como moderador Silvio Meira. Estavam presentes no painel, Rodrigo Capaz, do laborat\u00f3rio de tecnologias qu\u00e2nticas e nanotecnologia na CNPEM, Andr\u00e9 Oliveira, do setor de manufatura aditiva em ind\u00fastria 4.0, no Senai Cimatec, e Ana Paula Teixeira, do laborat\u00f3rio de pesquisa e desenvolvimento de tecnologias verdes, na UFMG.<\/span><\/p>\n<p><span style=\"font-weight: 400\">Ana Paula Teixeira iniciou seu discurso falando sobre a import\u00e2ncia da universidade na pesquisa e desenvolvimento de tecnologias verdes, que tem como base a sustentabilidade. &#8220;No Brasil temos \u00f3timos grupos de pesquisa e laborat\u00f3rios desenvolvendo tecnologias como hidrog\u00eanio verde, biocombust\u00edveis, carros el\u00e9tricos, tratamento de efluentes, desenvolvimento de embalagens, tecidos sustent\u00e1veis e tantos outros&#8221;, afirmou.\u00a0<\/span><\/p>\n<p><span style=\"font-weight: 400\">Mas, segundo Ana Paula, existem dois maiores problemas nesse ramo da tecnologia, que s\u00e3o a dificuldade em produzir as tecnologias desenvolvidas nos laborat\u00f3rios em escala comercial para implementa\u00e7\u00e3o no mercado e na sociedade e a falta de profissionais protagonistas preparados para atuar no mercado, fora das universidades.\u00a0<\/span><\/p>\n<p><span style=\"font-weight: 400\">&#8220;N\u00f3s precisamos de mudan\u00e7a, estamos em uma gera\u00e7\u00e3o diferente, mais din\u00e2mica, em que o desenvolvimento de conhecimento n\u00e3o pode ser mais somente unilateral, a universidade precisa passar a estar apta a mudar esse ambiente para assim gerar conex\u00e3o com o mercado. N\u00e3o basta somente ter a tecnologia, \u00e9 preciso entender como oferecer essa tecnologia para aplica\u00e7\u00e3o efetiva nas ind\u00fastrias&#8221;, ressaltou.\u00a0<\/span><\/p>\n<p><span style=\"font-weight: 400\">Seguindo adiante, Rodrigo Capaz explicou um pouco sobre o CNPEM, um centro nacional de pesquisa em energias de materiais, vinculado ao minist\u00e9rio da tecnologia, que possui um sistema de estrutura aberta a usu\u00e1rios externos, que incentivam a fabrica\u00e7\u00e3o pr\u00f3pria de\u00a0 pesquisa e desenvolvimento, apoio a inova\u00e7\u00e3o com eixo de educa\u00e7\u00e3o e distribui\u00e7\u00e3o do conhecimento.<\/span><\/p>\n<p><span style=\"font-weight: 400\">Rodrigo explicou que essa inova\u00e7\u00e3o se trata de um conjunto de tecnologias que utilizam mec\u00e2nica qu\u00e2ntica, e que essa \u00e1rea tem recebido um volume de investimento e aten\u00e7\u00e3o no mundo todo, justamente por ser uma quest\u00e3o disruptiva na inova\u00e7\u00e3o de novas tecnologias.<\/span><\/p>\n<p><span style=\"font-weight: 400\">A necessidade de forma\u00e7\u00e3o de recursos humanos em computa\u00e7\u00e3o qu\u00e2ntica \u00e9 diferente fundamentadamente da computa\u00e7\u00e3o cl\u00e1ssica, que oferece possibilidades importantes para desenvolver novos tipos de algoritmos mais eficientes em \u00e1reas espec\u00edficas.\u00a0<\/span><\/p>\n<p><span style=\"font-weight: 400\">&#8220;Um computador qu\u00e2ntico \u00e9 exponencialmente muito melhor do que o cl\u00e1ssico em criptografia, em defesa. Al\u00e9m da possibilidade de simula\u00e7\u00e3o de sistemas qu\u00e2nticos, como mol\u00e9culas em qu\u00edmica qu\u00e2ntica, possibilitando o desenvolvimento at\u00e9 de novos f\u00e1rmacos&#8221;, explicou.<\/span><\/p>\n<p><span style=\"font-weight: 400\">O hardware dessa tecnologia est\u00e1 bastante avan\u00e7ado no Brasil, e de forma estrat\u00e9gica o pa\u00eds conseguir\u00e1 entrar nessa corrida de fabrica\u00e7\u00e3o de computadores qu\u00e2nticos, de forma a ser necess\u00e1rio superar a dificuldade de conseguir a fabrica\u00e7\u00e3o de semicondutores para a dissipa\u00e7\u00e3o dessa tecnologia.\u00a0<\/span><\/p>\n<p><span style=\"font-weight: 400\">Na sequ\u00eancia, Andr\u00e9 Oliveira fez a apresenta\u00e7\u00e3o dos servi\u00e7os e solu\u00e7\u00f5es oferecidas pelo Senai Cimatec como centro de tecnologia, escola t\u00e9cnica e centro universit\u00e1rio, ambos com compet\u00eancias de tecnologia variadas. A partir da\u00ed, ele explicou o conceito e a aplica\u00e7\u00e3o da manufatura aditiva na Ind\u00fastria 4.0, como em metal, pol\u00edmeros, biopele, componente de carro, pe\u00e7as de foguete, turbina de avi\u00e3o e outros.\u00a0<\/span><\/p>\n<p><span style=\"font-weight: 400\">&#8220;A manufatura est\u00e1 transformando totalmente as formas como vemos e entendemos a fabrica\u00e7\u00e3o desses produtos na ind\u00fastria tradicional, a produ\u00e7\u00e3o acontece por meio de desenvolvimento de softwares para produ\u00e7\u00e3o e an\u00e1lise de dados, impress\u00e3o 3D em polimeros&#8221;, afirmou.\u00a0<\/span><\/p>\n<p><span style=\"font-weight: 400\">A mudan\u00e7a na produ\u00e7\u00e3o em escala, para produ\u00e7\u00e3o de produtos personaliz\u00e1veis com o uso de dados, \u00e9 uma mudan\u00e7a no conceito de importa\u00e7\u00e3o. Segundo Andr\u00e9, \u00e9 hora aplicar essa manufatura desde as grandes\u00a0 cidades at\u00e9 em servi\u00e7o para a comunidade. Ao concluir os discursos, foi aberto para eles a plateia fazer perguntas.<\/span><\/p>\n","protected":false},"excerpt":{"rendered":"<p>O segundo painel do F\u00f3rum Sebrae de Inova\u00e7\u00e3o tratou do<span class=\"excerpt-hellip\"> [\u2026]<\/span><\/p>\n","protected":false},"author":8,"featured_media":43764,"comment_status":"closed","ping_status":"closed","sticky":false,"template":"","format":"standard","meta":{"footnotes":"","_links_to":"","_links_to_target":""},"categories":[411,395,3],"tags":[],"calendar":[],"_links":{"self":[{"href":"https:\/\/anprotec.org.br\/site\/wp-json\/wp\/v2\/posts\/43763"}],"collection":[{"href":"https:\/\/anprotec.org.br\/site\/wp-json\/wp\/v2\/posts"}],"about":[{"href":"https:\/\/anprotec.org.br\/site\/wp-json\/wp\/v2\/types\/post"}],"author":[{"embeddable":true,"href":"https:\/\/anprotec.org.br\/site\/wp-json\/wp\/v2\/users\/8"}],"replies":[{"embeddable":true,"href":"https:\/\/anprotec.org.br\/site\/wp-json\/wp\/v2\/comments?post=43763"}],"version-history":[{"count":1,"href":"https:\/\/anprotec.org.br\/site\/wp-json\/wp\/v2\/posts\/43763\/revisions"}],"predecessor-version":[{"id":43765,"href":"https:\/\/anprotec.org.br\/site\/wp-json\/wp\/v2\/posts\/43763\/revisions\/43765"}],"wp:featuredmedia":[{"embeddable":true,"href":"https:\/\/anprotec.org.br\/site\/wp-json\/wp\/v2\/media\/43764"}],"wp:attachment":[{"href":"https:\/\/anprotec.org.br\/site\/wp-json\/wp\/v2\/media?parent=43763"}],"wp:term":[{"taxonomy":"category","embeddable":true,"href":"https:\/\/anprotec.org.br\/site\/wp-json\/wp\/v2\/categories?post=43763"},{"taxonomy":"post_tag","embeddable":true,"href":"https:\/\/anprotec.org.br\/site\/wp-json\/wp\/v2\/tags?post=43763"},{"taxonomy":"calendar","embeddable":true,"href":"https:\/\/anprotec.org.br\/site\/wp-json\/wp\/v2\/calendar?post=43763"}],"curies":[{"name":"wp","href":"https:\/\/api.w.org\/{rel}","templated":true}]}}