{"id":43744,"date":"2022-12-06T21:29:21","date_gmt":"2022-12-07T00:29:21","guid":{"rendered":"https:\/\/anprotec.org.br\/site\/?p=43744"},"modified":"2025-02-25T15:37:04","modified_gmt":"2025-02-25T18:37:04","slug":"diretor-da-fundacion-para-el-conocimiento-madrid-discute-ecossistema-de-inovacao-e-empreendedorismo-de-madrid-na-conferencia-anprotec","status":"publish","type":"post","link":"https:\/\/anprotec.org.br\/site\/2022\/12\/diretor-da-fundacion-para-el-conocimiento-madrid-discute-ecossistema-de-inovacao-e-empreendedorismo-de-madrid-na-conferencia-anprotec\/","title":{"rendered":"Diretor da Fund\u00e1cion para el Conocimiento Madri+d discute ecossistema de inova\u00e7\u00e3o e empreendedorismo de Madrid na Confer\u00eancia Anprotec"},"content":{"rendered":"<p><span style=\"font-weight: 400\"><img decoding=\"async\" loading=\"lazy\" class=\"size-full wp-image-43757 alignleft\" src=\"https:\/\/anprotec.org.br\/site\/wp-content\/uploads\/2022\/12\/Federico-home.png\" alt=\"\" width=\"640\" height=\"400\" srcset=\"https:\/\/anprotec.org.br\/site\/wp-content\/uploads\/2022\/12\/Federico-home.png 640w, https:\/\/anprotec.org.br\/site\/wp-content\/uploads\/2022\/12\/Federico-home-300x188.png 300w, https:\/\/anprotec.org.br\/site\/wp-content\/uploads\/2022\/12\/Federico-home-234x146.png 234w, https:\/\/anprotec.org.br\/site\/wp-content\/uploads\/2022\/12\/Federico-home-50x31.png 50w, https:\/\/anprotec.org.br\/site\/wp-content\/uploads\/2022\/12\/Federico-home-120x75.png 120w\" sizes=\"(max-width: 640px) 100vw, 640px\" \/>A segunda plen\u00e1ria da Confer\u00eancia Anprotec 2022, recebeu Federico M\u00f3ran, Diretor da Fund\u00e1cion para el Conocimento Madri+d, uma iniciativa do Minist\u00e9rio da Ci\u00eancia, Universidades e Investiga\u00e7\u00e3o da Comunidade de Madrid, para tratar sobre os objetivos fundamentais de contribuir para fazer da qualidade do ensino superior, da ci\u00eancia, da tecnologia e da inova\u00e7\u00e3o um elemento chave para a competitividade e o bem-estar dos cidad\u00e3os.<\/span><\/p>\n<p><span style=\"font-weight: 400\">Ao longo do painel, M\u00f3ran explicou em seu discurso o papel da Funda\u00e7\u00e3o na coopera\u00e7\u00e3o entre as esferas universit\u00e1ria, cient\u00edfica e industrial na Europa, al\u00e9m da sua contribui\u00e7\u00e3o para a articula\u00e7\u00e3o de um ecossistema regional inovador baseado no conhecimento, eficiente e integrado na Uni\u00e3o Europeia. Desse modo, apresentou exemplos de programas e iniciativas principais da funda\u00e7\u00e3o.\u00a0<\/span><\/p>\n<p><span style=\"font-weight: 400\">De acordo com M\u00f3ran, no \u00e2mbito universit\u00e1rio, a funda\u00e7\u00e3o atua por meio de avalia\u00e7\u00f5es da qualidade do Ensino Superior na Europa. A miss\u00e3o da Fundaci\u00f3n para el Conocimiento madri+d consiste em contribuir para a melhoria desse ensino atrav\u00e9s de relat\u00f3rios de avalia\u00e7\u00e3o e certifica\u00e7\u00e3o de qualidade no \u00e2mbito universit\u00e1rio, bem como a medi\u00e7\u00e3o do desempenho do servi\u00e7o p\u00fablico de educa\u00e7\u00e3o superior.<\/span><\/p>\n<p><span style=\"font-weight: 400\">Em seguida, Federico afirmou que a Fundaci\u00f3n presta tamb\u00e9m servi\u00e7os de apoio aos empreendedores, para que os seus projetos se concretizem de forma econ\u00f3mica em empresas tecnol\u00f3gicas e socialmente sustent\u00e1veis \u200b\u200bcomo geradoras de competitividade e bem-estar na regi\u00e3o. Segundo ele, esse apoio se d\u00e1 por meio de programas como a Plataforma de ecossistema de startups da Comunidade de Madri e o programa Startup Radar madri+d.\u00a0<\/span><\/p>\n<p><span style=\"font-weight: 400\">&#8220;Atrav\u00e9s da plataforma oferecemos uma an\u00e1lise de contexto e ferramentas de pesquisa em torno do ecossistema de empreendedorismo inovador na Comunidade de Madrid, em n\u00famero de startups, maturidade ou tecnologias utilizadas como financiamento e apoio. J\u00e1 o Startup Radar madri+d \u00e9 composto por relat\u00f3rios anuais sobre o ecossistema empreendedor e investimento, um mapa geogr\u00e1fico e um motor de busca que permitem segmentar as pesquisas de novas startups na regi\u00e3o e uma busca de entidades que apoiam o empreendedorismo&#8221;, afirmou.<\/span><\/p>\n<p><span style=\"font-weight: 400\">M\u00f3ran explicou tamb\u00e9m sobre o Programa ESA BIC Comunidade de Madrid, que se trata de um projeto de apoio ao empreendedorismo liderado pela Ag\u00eancia Espacial Europeia (ESA) e pela Comunidade de Madrid, coordenado pela Fund\u00e1cion para el Conocimento Madri+.<\/span><\/p>\n<p><span style=\"font-weight: 400\">&#8220;As startups participantes iniciam a sua atividade ap\u00f3s um exaustivo processo de sele\u00e7\u00e3o que garante a qualidade dos projetos e o empenho das equipes, ficando alojadas durante dois anos em um dos Parques Cient\u00edficos e Tecnol\u00f3gicos das universidades de Madrid parceiras do projeto&#8221;, explicou.\u00a0<\/span><\/p>\n<p><span style=\"font-weight: 400\">Outro programa apresentado pelo diretor foi a Certifica\u00e7\u00e3o de Mentores Business Mentor madri+d, que ajuda a promover de forma eficaz o trabalho como mentor de empreendedores ou programas de apoio ao empreendedorismo, implementando uma metodologia de trabalho comprovada que dota as pessoas certificadas dos conhecimentos e compet\u00eancias necess\u00e1rias para desenvolver adequadamente o papel de mentor ou gestor de programas de mentoring para empreendedores, alcan\u00e7ando rela\u00e7\u00f5es de mentoring mais eficazes.<\/span><\/p>\n<p><span style=\"font-weight: 400\">A funda\u00e7\u00e3o conta tamb\u00e9m com a iniciativa Madrid+d Mentoring Network, um programa constitu\u00eddo por empres\u00e1rios e profissionais de reconhecida trajet\u00f3ria que abrem caminhos a empreendedores cient\u00edfico-tecnol\u00f3gicos, ajudando-os a consolidar o sucesso de suas iniciativas inovadoras.\u00a0<\/span><\/p>\n<p><span style=\"font-weight: 400\">&#8220;Por fim, no \u00e2mbito da cidadania, foco onde tamb\u00e9m estamos abertos \u00e0 colabora\u00e7\u00e3o do Brasil, nos empenhamos na comunica\u00e7\u00e3o da ci\u00eancia, buscando incentivar o interesse em ci\u00eancia nas pessoas, de crian\u00e7as, jovens e adultos, com iniciativas como Feira de Madrid \u00e9 Ci\u00eancia, Dia internacional das Mulheres e Meninas na Ci\u00eancia, Blog, revista R+D+I e muito mais&#8221;, concluiu, encerrando assim sua palestra e abrindo espa\u00e7o para d\u00favidas.<\/span><\/p>\n","protected":false},"excerpt":{"rendered":"<p>A segunda plen\u00e1ria da Confer\u00eancia Anprotec 2022, recebeu Federico M\u00f3ran,<span class=\"excerpt-hellip\"> [\u2026]<\/span><\/p>\n","protected":false},"author":8,"featured_media":43757,"comment_status":"closed","ping_status":"closed","sticky":false,"template":"","format":"standard","meta":{"footnotes":"","_links_to":"","_links_to_target":""},"categories":[411,395,3],"tags":[],"calendar":[],"_links":{"self":[{"href":"https:\/\/anprotec.org.br\/site\/wp-json\/wp\/v2\/posts\/43744"}],"collection":[{"href":"https:\/\/anprotec.org.br\/site\/wp-json\/wp\/v2\/posts"}],"about":[{"href":"https:\/\/anprotec.org.br\/site\/wp-json\/wp\/v2\/types\/post"}],"author":[{"embeddable":true,"href":"https:\/\/anprotec.org.br\/site\/wp-json\/wp\/v2\/users\/8"}],"replies":[{"embeddable":true,"href":"https:\/\/anprotec.org.br\/site\/wp-json\/wp\/v2\/comments?post=43744"}],"version-history":[{"count":2,"href":"https:\/\/anprotec.org.br\/site\/wp-json\/wp\/v2\/posts\/43744\/revisions"}],"predecessor-version":[{"id":43758,"href":"https:\/\/anprotec.org.br\/site\/wp-json\/wp\/v2\/posts\/43744\/revisions\/43758"}],"wp:featuredmedia":[{"embeddable":true,"href":"https:\/\/anprotec.org.br\/site\/wp-json\/wp\/v2\/media\/43757"}],"wp:attachment":[{"href":"https:\/\/anprotec.org.br\/site\/wp-json\/wp\/v2\/media?parent=43744"}],"wp:term":[{"taxonomy":"category","embeddable":true,"href":"https:\/\/anprotec.org.br\/site\/wp-json\/wp\/v2\/categories?post=43744"},{"taxonomy":"post_tag","embeddable":true,"href":"https:\/\/anprotec.org.br\/site\/wp-json\/wp\/v2\/tags?post=43744"},{"taxonomy":"calendar","embeddable":true,"href":"https:\/\/anprotec.org.br\/site\/wp-json\/wp\/v2\/calendar?post=43744"}],"curies":[{"name":"wp","href":"https:\/\/api.w.org\/{rel}","templated":true}]}}