{"id":43728,"date":"2022-12-05T20:41:15","date_gmt":"2022-12-05T23:41:15","guid":{"rendered":"https:\/\/anprotec.org.br\/site\/?p=43728"},"modified":"2025-02-25T15:35:37","modified_gmt":"2025-02-25T18:35:37","slug":"distritos-de-inovacao-e-tema-de-plenaria-de-bruce-katz","status":"publish","type":"post","link":"https:\/\/anprotec.org.br\/site\/2022\/12\/distritos-de-inovacao-e-tema-de-plenaria-de-bruce-katz\/","title":{"rendered":"\u201cDistritos de inova\u00e7\u00e3o\u201d \u00e9 tema de plen\u00e1ria de Bruce Katz"},"content":{"rendered":"<p><img decoding=\"async\" loading=\"lazy\" class=\"wp-image-43729 aligncenter\" src=\"https:\/\/anprotec.org.br\/site\/wp-content\/uploads\/2022\/12\/Bruce-scaled.jpg\" alt=\"\" width=\"891\" height=\"594\" srcset=\"https:\/\/anprotec.org.br\/site\/wp-content\/uploads\/2022\/12\/Bruce-scaled.jpg 2048w, https:\/\/anprotec.org.br\/site\/wp-content\/uploads\/2022\/12\/Bruce-300x200.jpg 300w, https:\/\/anprotec.org.br\/site\/wp-content\/uploads\/2022\/12\/Bruce-1024x683.jpg 1024w, https:\/\/anprotec.org.br\/site\/wp-content\/uploads\/2022\/12\/Bruce-768x512.jpg 768w, https:\/\/anprotec.org.br\/site\/wp-content\/uploads\/2022\/12\/Bruce-1536x1024.jpg 1536w, https:\/\/anprotec.org.br\/site\/wp-content\/uploads\/2022\/12\/Bruce-219x146.jpg 219w, https:\/\/anprotec.org.br\/site\/wp-content\/uploads\/2022\/12\/Bruce-50x33.jpg 50w, https:\/\/anprotec.org.br\/site\/wp-content\/uploads\/2022\/12\/Bruce-113x75.jpg 113w\" sizes=\"(max-width: 891px) 100vw, 891px\" \/>A primeira plen\u00e1ria da 32\u00aa edi\u00e7\u00e3o da Confer\u00eancia Anprotec contou com a presen\u00e7a de Bruce Katz, Co-Fundador e Diretor da Nowak Metro Finance Lab, que tratou sobre as din\u00e2micas e investimentos para empreendimentos de inova\u00e7\u00e3o no atual cen\u00e1rio de p\u00f3s-isolamento no pa\u00eds.<\/p>\n<p>Katz explicou em seu discurso o conceito e a aplica\u00e7\u00e3o dos chamados Distritos de Inova\u00e7\u00e3o, que se tratam de novos formatos de modelos tecnol\u00f3gicos nos estados americanos. Esses distritos s\u00e3o a evolu\u00e7\u00e3o de ambientes de inova\u00e7\u00e3o e parques cient\u00edficos do pa\u00eds,\u00a0 por\u00e9m de forma mais unificada com as cidades e geograficamente mais estrat\u00e9gicos.<\/p>\n<p>Os distritos de inova\u00e7\u00e3o est\u00e3o crescendo por meio de investimentos org\u00e2nicos e horizontais, entre o p\u00fablico e o privado, advindos de uma mudan\u00e7a de pensamento ap\u00f3s o auge da pandemia. Al\u00e9m disso, esses distritos localizados nos centros das cidades, parecem ser mais resilientes e dispostos a solucionar problemas e propor solu\u00e7\u00f5es.<\/p>\n<p>\u201cA nova din\u00e2mica que estou falando surgiu ap\u00f3s o entendimento de necessidades e realidades priorit\u00e1rias, como o trabalho remoto, cadeia de suprimentos, mudan\u00e7as clim\u00e1ticas, efeitos pol\u00edticos devido a guerra na Ucr\u00e2nia e outros. O que os distritos de inova\u00e7\u00e3o fazem \u00e9 que consigamos lidar de forma mais r\u00e1pida com essas realidades, visto que estamos interconectados com o mercado e a academia\u201d, afirmou Katz.<\/p>\n<p>Essa iniciativa est\u00e1 recebendo um grande incentivo federal de investimentos governamentais, ocasionando assim em uma nova estrat\u00e9gia econ\u00f4mica para o pa\u00eds, que promove o crescimento sustent\u00e1vel e sobretudo inclusivo nos estados e nas cidades, com investimentos em diversas estruturas como \u00e1gua, luz, clima, economia, educa\u00e7\u00e3o, sa\u00fade, al\u00e9m de leis de redu\u00e7\u00e3o inflacion\u00e1ria para solu\u00e7\u00e3o de problemas clim\u00e1ticos a partir de mudan\u00e7as fiscais.<\/p>\n<p>\u201cO governo estava distribuindo recursos para as cidades a partir de uma vis\u00e3o particular sobre as caracter\u00edsticas de cada local, e, percebendo o impacto dos distritos de inova\u00e7\u00e3o nas cidades, foi necess\u00e1rio selecionar ambientes de desenvolvimento tecnol\u00f3gico para aplica\u00e7\u00e3o desses recursos, conforme a necessidade de cada ecossistema\u201d, explicou.<\/p>\n<p>Dessa forma, em um ambiente competitivo para os distritos de inova\u00e7\u00e3o com a disposi\u00e7\u00e3o desse Investimento flex\u00edvel, passaram a mapear as iniciativas em cidades e \u00e1reas metropolitanas, bem como suas vantagens e diferenciais particulares, como energia limpa, ind\u00fastria tradicional, intelig\u00eancia artificial, mobilidade, medicina de precis\u00e3o e outros.<\/p>\n<p>O governo federal tem sido o investidor prim\u00e1rio na reconstru\u00e7\u00e3o dos EUA, tal como os estados tamb\u00e9m tem investido de modo secular e colaborativo, e, de forma estrat\u00e9gica, tem colocado esses ambientes ao redor de universidades e centros de inova\u00e7\u00e3o, buscando assim a renova\u00e7\u00e3o e desenvolvimento inteligente das cidades.<\/p>\n<p>Em seguida ao seu argumento, Katz explicou de que forma essa inova\u00e7\u00e3o dos distritos tem\u00a0 incidido nas cidades e metr\u00f3poles, que acontece devido ao planejamento diferente em raz\u00e3o do investimento federal. \u201cEsse processo \u00e9 muito geral, mas agora est\u00e3o focando nas singularidades das cidades, o que permite um melhor desempenho e, por consequ\u00eancia, melhores resultados\u201d, explica.<\/p>\n<p>Al\u00e9m disso, os distritos permitem focar tamb\u00e9m na inclusividade. \u02dc\u00c9 imposs\u00edvel pensar em distritos de inova\u00e7\u00e3o sem a diversidade e a inclus\u00e3o, principalmente aqui, onde existe uma grande disparidade racial e de outros aspectos\u02dc, afirmou.<\/p>\n<p>Por fim, Katz afirmou que esse esfor\u00e7o em investimento customiz\u00e1vel do governo gera uma ci\u00eancia da vida, que permite retirar pessoas da pobreza e retorn\u00e1-las \u00e0 economia, al\u00e9m de proporcionar um desenvolvimento \u00fanico e singular para cada cidade do pa\u00eds, impulsionando suas vantagens tecnol\u00f3gicas e solucionando suas necessidades, construindo assim um ecossistema maduro em pesquisa e desenvolvimento inteligente do pa\u00eds.<\/p>\n","protected":false},"excerpt":{"rendered":"<p>A primeira plen\u00e1ria da 32\u00aa edi\u00e7\u00e3o da Confer\u00eancia Anprotec contou<span class=\"excerpt-hellip\"> [\u2026]<\/span><\/p>\n","protected":false},"author":8,"featured_media":43730,"comment_status":"closed","ping_status":"closed","sticky":false,"template":"","format":"standard","meta":{"footnotes":"","_links_to":"","_links_to_target":""},"categories":[411,395,3],"tags":[],"calendar":[],"_links":{"self":[{"href":"https:\/\/anprotec.org.br\/site\/wp-json\/wp\/v2\/posts\/43728"}],"collection":[{"href":"https:\/\/anprotec.org.br\/site\/wp-json\/wp\/v2\/posts"}],"about":[{"href":"https:\/\/anprotec.org.br\/site\/wp-json\/wp\/v2\/types\/post"}],"author":[{"embeddable":true,"href":"https:\/\/anprotec.org.br\/site\/wp-json\/wp\/v2\/users\/8"}],"replies":[{"embeddable":true,"href":"https:\/\/anprotec.org.br\/site\/wp-json\/wp\/v2\/comments?post=43728"}],"version-history":[{"count":2,"href":"https:\/\/anprotec.org.br\/site\/wp-json\/wp\/v2\/posts\/43728\/revisions"}],"predecessor-version":[{"id":43766,"href":"https:\/\/anprotec.org.br\/site\/wp-json\/wp\/v2\/posts\/43728\/revisions\/43766"}],"wp:featuredmedia":[{"embeddable":true,"href":"https:\/\/anprotec.org.br\/site\/wp-json\/wp\/v2\/media\/43730"}],"wp:attachment":[{"href":"https:\/\/anprotec.org.br\/site\/wp-json\/wp\/v2\/media?parent=43728"}],"wp:term":[{"taxonomy":"category","embeddable":true,"href":"https:\/\/anprotec.org.br\/site\/wp-json\/wp\/v2\/categories?post=43728"},{"taxonomy":"post_tag","embeddable":true,"href":"https:\/\/anprotec.org.br\/site\/wp-json\/wp\/v2\/tags?post=43728"},{"taxonomy":"calendar","embeddable":true,"href":"https:\/\/anprotec.org.br\/site\/wp-json\/wp\/v2\/calendar?post=43728"}],"curies":[{"name":"wp","href":"https:\/\/api.w.org\/{rel}","templated":true}]}}