{"id":43721,"date":"2022-12-05T20:00:57","date_gmt":"2022-12-05T23:00:57","guid":{"rendered":"https:\/\/anprotec.org.br\/site\/?p=43721"},"modified":"2025-02-25T15:40:25","modified_gmt":"2025-02-25T18:40:25","slug":"32a-conferencia-anprotec-realiza-cerimonia-de-abertura","status":"publish","type":"post","link":"https:\/\/anprotec.org.br\/site\/2022\/12\/32a-conferencia-anprotec-realiza-cerimonia-de-abertura\/","title":{"rendered":"32\u00aa Confer\u00eancia Anprotec realiza cerim\u00f4nia de abertura\u00a0\u00a0"},"content":{"rendered":"<p><span style=\"font-weight: 400\"><img decoding=\"async\" loading=\"lazy\" class=\" wp-image-43723 aligncenter\" src=\"https:\/\/anprotec.org.br\/site\/wp-content\/uploads\/2022\/12\/painel-scaled.jpg\" alt=\"\" width=\"914\" height=\"609\" srcset=\"https:\/\/anprotec.org.br\/site\/wp-content\/uploads\/2022\/12\/painel-scaled.jpg 2048w, https:\/\/anprotec.org.br\/site\/wp-content\/uploads\/2022\/12\/painel-300x200.jpg 300w, https:\/\/anprotec.org.br\/site\/wp-content\/uploads\/2022\/12\/painel-1024x683.jpg 1024w, https:\/\/anprotec.org.br\/site\/wp-content\/uploads\/2022\/12\/painel-768x512.jpg 768w, https:\/\/anprotec.org.br\/site\/wp-content\/uploads\/2022\/12\/painel-1536x1024.jpg 1536w, https:\/\/anprotec.org.br\/site\/wp-content\/uploads\/2022\/12\/painel-219x146.jpg 219w, https:\/\/anprotec.org.br\/site\/wp-content\/uploads\/2022\/12\/painel-50x33.jpg 50w, https:\/\/anprotec.org.br\/site\/wp-content\/uploads\/2022\/12\/painel-113x75.jpg 113w\" sizes=\"(max-width: 914px) 100vw, 914px\" \/>Aconteceu na manh\u00e3 de hoje (5), a cerim\u00f4nia de abertura da 32\u00aa Confer\u00eancia Anprotec. Com um p\u00fablico de mais de 800 pessoas, a cerim\u00f4nia contou com a presen\u00e7a de representantes da Anprotec, do co-realizador do evento, o Sebrae, do ministro de Ci\u00eancia, Tecnologia e Inova\u00e7\u00e3o e dos organizadores locais, da aceleradora GetIn, da Secretaria Municipal de Inova\u00e7\u00e3o e Tecnologia da Prefeitura de Salvador, al\u00e9m dos representantes governamentais das parceiras estrat\u00e9gicas.<\/span><\/p>\n<p><span style=\"font-weight: 400\">Francisco Saboya, presidente da Anprotec, deu in\u00edcio ao evento externalizando a satisfa\u00e7\u00e3o em realizar o evento de forma presencial, ap\u00f3s dois anos de edi\u00e7\u00f5es virtuais, destacando a import\u00e2ncia da realiza\u00e7\u00e3o de eventos deste porte para a contribui\u00e7\u00e3o na produ\u00e7\u00e3o de conhecimento e conex\u00f5es. Em seguida, Rosana Jamal, diretora de empresas da Anprotec, complementou com a necessidade de se construir cen\u00e1rios com mais diversidade para impulsionar a inova\u00e7\u00e3o, apresentando a iniciativa <a href=\"https:\/\/scitechwomen.com\">Female Scitech Capacity Building Program<\/a>, em que a Anprotec foi convidada para ser membro fundador.<img decoding=\"async\" loading=\"lazy\" class=\" wp-image-43724 alignright\" src=\"https:\/\/anprotec.org.br\/site\/wp-content\/uploads\/2022\/12\/Publico-scaled.jpg\" alt=\"\" width=\"461\" height=\"307\" srcset=\"https:\/\/anprotec.org.br\/site\/wp-content\/uploads\/2022\/12\/Publico-scaled.jpg 2048w, https:\/\/anprotec.org.br\/site\/wp-content\/uploads\/2022\/12\/Publico-300x200.jpg 300w, https:\/\/anprotec.org.br\/site\/wp-content\/uploads\/2022\/12\/Publico-1024x683.jpg 1024w, https:\/\/anprotec.org.br\/site\/wp-content\/uploads\/2022\/12\/Publico-768x512.jpg 768w, https:\/\/anprotec.org.br\/site\/wp-content\/uploads\/2022\/12\/Publico-1536x1024.jpg 1536w, https:\/\/anprotec.org.br\/site\/wp-content\/uploads\/2022\/12\/Publico-219x146.jpg 219w, https:\/\/anprotec.org.br\/site\/wp-content\/uploads\/2022\/12\/Publico-50x33.jpg 50w, https:\/\/anprotec.org.br\/site\/wp-content\/uploads\/2022\/12\/Publico-113x75.jpg 113w\" sizes=\"(max-width: 461px) 100vw, 461px\" \/><br \/>\n<\/span><\/p>\n<p><span style=\"font-weight: 400\">O pr\u00f3ximo participante foi Luis Gaban, diretor de inova\u00e7\u00e3o da Prefeitura de Salvador, que agradeceu, em nome da prefeitura, a oportunidade de receber o evento na cidade, ressaltando a parceria entre as institui\u00e7\u00f5es.<\/span><\/p>\n<p><span style=\"font-weight: 400\">O futuro da inova\u00e7\u00e3o do pa\u00eds foi o t\u00f3pico abordado pelo Secret\u00e1rio de Ci\u00eancia, Tecnologia e Inova\u00e7\u00e3o do Governo da Bahia, Pinho Joazeiro que tratou sobre cria\u00e7\u00e3o de pol\u00edticas de Ci\u00eancia, Tecnologia e Inova\u00e7\u00e3o que ir\u00e3o pautar o governo nos pr\u00f3ximos anos.<\/span><\/p>\n<p><span style=\"font-weight: 400\">Em sua vez, Alzir Antonio Mahl, CEO da GetIn, explicou os processos e produtos oferecidos pela aceleradora de neg\u00f3cios e startups, al\u00e9m da import\u00e2ncia de converter o conhecimento gerado na academia em mercado e empreendimentos inovadores.<\/span><\/p>\n<p><span style=\"font-weight: 400\">Encerrando-se a cerim\u00f4nia de abertura, iniciou-se oficialmente as atividades da 32\u00aa Confer\u00eancia Anprotec, com plen\u00e1ria conduzida por Bruce Katz, Co-Fundador e Diretor da Nowak Metro Finance Lab.<\/span><\/p>\n","protected":false},"excerpt":{"rendered":"<p>Aconteceu na manh\u00e3 de hoje (5), a cerim\u00f4nia de abertura<span class=\"excerpt-hellip\"> [\u2026]<\/span><\/p>\n","protected":false},"author":8,"featured_media":43722,"comment_status":"closed","ping_status":"closed","sticky":false,"template":"","format":"standard","meta":{"footnotes":"","_links_to":"","_links_to_target":""},"categories":[411,395,3],"tags":[],"calendar":[],"_links":{"self":[{"href":"https:\/\/anprotec.org.br\/site\/wp-json\/wp\/v2\/posts\/43721"}],"collection":[{"href":"https:\/\/anprotec.org.br\/site\/wp-json\/wp\/v2\/posts"}],"about":[{"href":"https:\/\/anprotec.org.br\/site\/wp-json\/wp\/v2\/types\/post"}],"author":[{"embeddable":true,"href":"https:\/\/anprotec.org.br\/site\/wp-json\/wp\/v2\/users\/8"}],"replies":[{"embeddable":true,"href":"https:\/\/anprotec.org.br\/site\/wp-json\/wp\/v2\/comments?post=43721"}],"version-history":[{"count":2,"href":"https:\/\/anprotec.org.br\/site\/wp-json\/wp\/v2\/posts\/43721\/revisions"}],"predecessor-version":[{"id":43727,"href":"https:\/\/anprotec.org.br\/site\/wp-json\/wp\/v2\/posts\/43721\/revisions\/43727"}],"wp:featuredmedia":[{"embeddable":true,"href":"https:\/\/anprotec.org.br\/site\/wp-json\/wp\/v2\/media\/43722"}],"wp:attachment":[{"href":"https:\/\/anprotec.org.br\/site\/wp-json\/wp\/v2\/media?parent=43721"}],"wp:term":[{"taxonomy":"category","embeddable":true,"href":"https:\/\/anprotec.org.br\/site\/wp-json\/wp\/v2\/categories?post=43721"},{"taxonomy":"post_tag","embeddable":true,"href":"https:\/\/anprotec.org.br\/site\/wp-json\/wp\/v2\/tags?post=43721"},{"taxonomy":"calendar","embeddable":true,"href":"https:\/\/anprotec.org.br\/site\/wp-json\/wp\/v2\/calendar?post=43721"}],"curies":[{"name":"wp","href":"https:\/\/api.w.org\/{rel}","templated":true}]}}