{"id":4366,"date":"2013-10-15T13:25:08","date_gmt":"2013-10-15T16:25:08","guid":{"rendered":"http:\/\/anprotec.org.br\/site\/?p=4366"},"modified":"2013-10-15T14:51:20","modified_gmt":"2013-10-15T17:51:20","slug":"sebrae-e-bndes-participam-da-plenaria-de-abertura","status":"publish","type":"post","link":"https:\/\/anprotec.org.br\/site\/2013\/10\/sebrae-e-bndes-participam-da-plenaria-de-abertura\/","title":{"rendered":"<!--:pt-->Sebrae e BNDES participam da plen\u00e1ria de abertura<!--:-->"},"content":{"rendered":"<p><!--:pt--><\/p>\n<p style=\"text-align: justify;\"><img decoding=\"async\" loading=\"lazy\" class=\"alignleft size-thumbnail wp-image-4369\" alt=\"\" src=\"https:\/\/anprotec.org.br\/site\/wp-content\/uploads\/2013\/10\/flavia3-270x160.jpg\" width=\"270\" height=\"160\" \/>O XXIII Semin\u00e1rio Nacional da\u00a0<a href=\"http:\/\/www.anprotec.org.br\/\" target=\"_blank\">Anprotec<\/a>\u00a0e a 30\u00aa Confer\u00eancia da\u00a0<a href=\"http:\/\/www.iasp.ws\/\" target=\"_blank\">IASP<\/a>\u00a0iniciaram a programa\u00e7\u00e3o com uma plen\u00e1ria de abertura, durante a manh\u00e3 de hoje (15\/10) em Recife (PE). Inge Schr\u00f6der, diretora administrativa do\u00a0<a href=\"http:\/\/wissenschaftszentrum-kiel.de\/\" target=\"_blank\">Wissenschaftszentrum Kiel GmbH<\/a>, na Alemanha, realizou a modera\u00e7\u00e3o da palestra, que tamb\u00e9m contou com a participa\u00e7\u00e3o do diretor-t\u00e9cnico do\u00a0<a href=\"http:\/\/www.sebrae.com.br\/\" target=\"_blank\">Sebrae<\/a>, Carlos Alberto dos Santos, e da chefe do departamento de avalia\u00e7\u00e3o do\u00a0<a href=\"http:\/\/www.bndes.gov.br\/SiteBNDES\/bndes\/bndes_pt\/index.html\" target=\"_blank\">Banco Nacional do Desenvolvimento<\/a>\u00a0(BNDES), Fl\u00e1via Campos Kickinger (foto).<\/p>\n<p style=\"text-align: justify;\">Segundo Inge, as experi\u00eancias trazidas pelos palestrantes sobre os ambientes de inova\u00e7\u00e3o trar\u00e3o grandes contribui\u00e7\u00f5es \u00e0 discuss\u00e3o principal do evento. \u201cEstamos reunidos para trazer experi\u00eancias e vis\u00f5es sobre os desafios dos parques tecnol\u00f3gicos para o futuro, al\u00e9m da contribui\u00e7\u00e3o quanto ao desenvolvimento de cidades\u201d, afirmou.<\/p>\n<p style=\"text-align: justify;\">Pol\u00edticas e mecanismos de apoio ao crescimento dos parques cient\u00edficos e tecnol\u00f3gicos tamb\u00e9m foram apresentados como caminhos para alavancar o crescimento dessas institui\u00e7\u00f5es. \u00c9 o caso dos servi\u00e7os prestados por institui\u00e7\u00f5es como o Sebrae e o BNDES, que utilizaram a ocasi\u00e3o para apresentar as suas atividades e servi\u00e7os de apoio \u00e0 inova\u00e7\u00e3o.<\/p>\n<p style=\"text-align: justify;\">A plen\u00e1ria tamb\u00e9m destacou a tem\u00e1tica oficial do evento, \u201cParques tecnol\u00f3gicos modelando novas cidades\u201d. Durante a palestra, a representante do BNDES destacou e relacionou o papel dos parques tecnol\u00f3gicos para o desenvolvimento local. \u201cOs parques s\u00e3o espa\u00e7os que promovem a integra\u00e7\u00e3o entre o setor privado e a academia, gerando servi\u00e7os ao setor produtivo e est\u00edmulo \u00e0 economia das regi\u00f5es. Ao mesmo tempo, s\u00e3o motores do desenvolvimento urbano, pois trazem oportunidades de crescimento e investimentos para o local onde est\u00e3o instalados\u201d.<\/p>\n<p style=\"text-align: justify;\"><b>Sobre as institui\u00e7\u00f5es<\/b><\/p>\n<p style=\"text-align: justify;\">Com mais de 600 mil funcion\u00e1rios diretos e 8 mil consultores credenciados, o Sebrae atende pequenas e m\u00e9dias empresas brasileiras por meio de capacita\u00e7\u00f5es e atendimentos especializados. J\u00e1 o BNDES, \u00e9 o principal fornecedor brasileiro de recursos e cr\u00e9ditos de longo prazo para empreendimentos.<\/p>\n<p><!--:--><\/p>\n","protected":false},"excerpt":{"rendered":"<p><!--:pt-->A plen\u00e1ria de abertura do Semin\u00e1rio Nacional da Anprotec contou com representantes do Sebrae e BNDES. Durante a ocasi\u00e3o, as institui\u00e7\u00f5es apresentaram seus servi\u00e7os de apoio \u00e0 inova\u00e7\u00e3o.<!--:--><\/p>\n","protected":false},"author":8,"featured_media":4369,"comment_status":"open","ping_status":"open","sticky":false,"template":"","format":"standard","meta":{"footnotes":"","_links_to":"","_links_to_target":""},"categories":[3],"tags":[],"calendar":[],"_links":{"self":[{"href":"https:\/\/anprotec.org.br\/site\/wp-json\/wp\/v2\/posts\/4366"}],"collection":[{"href":"https:\/\/anprotec.org.br\/site\/wp-json\/wp\/v2\/posts"}],"about":[{"href":"https:\/\/anprotec.org.br\/site\/wp-json\/wp\/v2\/types\/post"}],"author":[{"embeddable":true,"href":"https:\/\/anprotec.org.br\/site\/wp-json\/wp\/v2\/users\/8"}],"replies":[{"embeddable":true,"href":"https:\/\/anprotec.org.br\/site\/wp-json\/wp\/v2\/comments?post=4366"}],"version-history":[{"count":3,"href":"https:\/\/anprotec.org.br\/site\/wp-json\/wp\/v2\/posts\/4366\/revisions"}],"predecessor-version":[{"id":4372,"href":"https:\/\/anprotec.org.br\/site\/wp-json\/wp\/v2\/posts\/4366\/revisions\/4372"}],"wp:featuredmedia":[{"embeddable":true,"href":"https:\/\/anprotec.org.br\/site\/wp-json\/wp\/v2\/media\/4369"}],"wp:attachment":[{"href":"https:\/\/anprotec.org.br\/site\/wp-json\/wp\/v2\/media?parent=4366"}],"wp:term":[{"taxonomy":"category","embeddable":true,"href":"https:\/\/anprotec.org.br\/site\/wp-json\/wp\/v2\/categories?post=4366"},{"taxonomy":"post_tag","embeddable":true,"href":"https:\/\/anprotec.org.br\/site\/wp-json\/wp\/v2\/tags?post=4366"},{"taxonomy":"calendar","embeddable":true,"href":"https:\/\/anprotec.org.br\/site\/wp-json\/wp\/v2\/calendar?post=4366"}],"curies":[{"name":"wp","href":"https:\/\/api.w.org\/{rel}","templated":true}]}}