{"id":43546,"date":"2022-11-07T15:01:51","date_gmt":"2022-11-07T18:01:51","guid":{"rendered":"https:\/\/anprotec.org.br\/site\/?p=43546"},"modified":"2025-02-25T15:28:23","modified_gmt":"2025-02-25T18:28:23","slug":"strategy-manager-da-ebn-participara-da-32a-conferencia-anprotec","status":"publish","type":"post","link":"https:\/\/anprotec.org.br\/site\/2022\/11\/strategy-manager-da-ebn-participara-da-32a-conferencia-anprotec\/","title":{"rendered":"Strategy Manager da EBN participar\u00e1 da 32\u00aa Confer\u00eancia Anprotec"},"content":{"rendered":"<p><img decoding=\"async\" loading=\"lazy\" class=\"size-full wp-image-43547 aligncenter\" src=\"https:\/\/anprotec.org.br\/site\/wp-content\/uploads\/2022\/11\/Card_bram-Pauwells.jpg\" alt=\"\" width=\"1080\" height=\"1080\" srcset=\"https:\/\/anprotec.org.br\/site\/wp-content\/uploads\/2022\/11\/Card_bram-Pauwells.jpg 1080w, https:\/\/anprotec.org.br\/site\/wp-content\/uploads\/2022\/11\/Card_bram-Pauwells-300x300.jpg 300w, https:\/\/anprotec.org.br\/site\/wp-content\/uploads\/2022\/11\/Card_bram-Pauwells-1024x1024.jpg 1024w, https:\/\/anprotec.org.br\/site\/wp-content\/uploads\/2022\/11\/Card_bram-Pauwells-768x768.jpg 768w, https:\/\/anprotec.org.br\/site\/wp-content\/uploads\/2022\/11\/Card_bram-Pauwells-146x146.jpg 146w, https:\/\/anprotec.org.br\/site\/wp-content\/uploads\/2022\/11\/Card_bram-Pauwells-50x50.jpg 50w, https:\/\/anprotec.org.br\/site\/wp-content\/uploads\/2022\/11\/Card_bram-Pauwells-75x75.jpg 75w, https:\/\/anprotec.org.br\/site\/wp-content\/uploads\/2022\/11\/Card_bram-Pauwells-85x85.jpg 85w, https:\/\/anprotec.org.br\/site\/wp-content\/uploads\/2022\/11\/Card_bram-Pauwells-80x80.jpg 80w\" sizes=\"(max-width: 1080px) 100vw, 1080px\" \/><\/p>\n<p><span style=\"font-weight: 400\">Falta menos de um m\u00eas para a 32\u00aa Confer\u00eancia Anprotec e teremos muitas novidades nos pr\u00f3ximos dias! Para hoje temos a confirma\u00e7\u00e3o de mais um palestrante internacional: Bram Pauwells, Strategy Manager da European Business and Innovation Centre Network &#8211; EBN<\/span><\/p>\n<p><span style=\"font-weight: 400\">Bram Pauwels contribui para o posicionamento externo da EBN entre as partes interessadas corporativas e governamentais (UE e nacionais) no setor de inova\u00e7\u00e3o. Com mais de nove anos de experi\u00eancia internacional em comunica\u00e7\u00e3o estrat\u00e9gica e marketing nos setores p\u00fablico e privado, aplicou suas habilidades predominantemente nas \u00e1reas de startup, empreendedorismo e constru\u00e7\u00e3o de ecossistemas de inova\u00e7\u00e3o. Como diretor de marketing, para uma rede internacional l\u00edder em empreendedorismo de impacto, ele participou da cria\u00e7\u00e3o do primeiro programa de pol\u00edticas para apoiar o empreendedorismo social na regi\u00e3o metropolitana de Amsterd\u00e3. Como Fellow em um think tank europeu transdisciplinar, Bram lida com quest\u00f5es relacionadas \u00e0 inova\u00e7\u00e3o social e pol\u00edtica por meio de sua pesquisa sobre as rela\u00e7\u00f5es entre pol\u00edticas p\u00fablicas e valores de empoderamento humano. Al\u00e9m de seus estudos de mestrado em Ci\u00eancia Pol\u00edtica (Universidade de Tel Aviv), ele est\u00e1 cursando um Mestrado Executivo em Estudos Europeus na Universidade de Gotemburgo.<\/span><\/p>\n<p><span style=\"font-weight: 400\">A 32\u00aa Confer\u00eancia Anprotec acontecer\u00e1 entre os dias 5 e 7 de dezembro, em Salvador, na Bahia. O tema desta edi\u00e7\u00e3o ser\u00e1 &#8220;200 Anos de Independ\u00eancia: Tecnologia e Inova\u00e7\u00e3o do Brasil&#8221;.<\/span><\/p>\n<p><span style=\"font-weight: 400\">Para mais informa\u00e7\u00f5es, acesse <a href=\"https:\/\/anprotec.org.br\/conferencia2022\/\" target=\"_blank\" rel=\"noopener noreferrer\">https:\/\/anprotec.org.br\/conferencia2022\/<\/a><\/span><\/p>\n<p><span style=\"font-weight: 400\">*Bram Pauwells substituir\u00e1 Laura Lecci (EBN) como plenarista do evento.<\/span><\/p>\n","protected":false},"excerpt":{"rendered":"<p>Falta menos de um m\u00eas para a 32\u00aa Confer\u00eancia Anprotec<span class=\"excerpt-hellip\"> [\u2026]<\/span><\/p>\n","protected":false},"author":8,"featured_media":43548,"comment_status":"closed","ping_status":"closed","sticky":false,"template":"","format":"standard","meta":{"footnotes":"","_links_to":"","_links_to_target":""},"categories":[411,395,3],"tags":[],"calendar":[],"_links":{"self":[{"href":"https:\/\/anprotec.org.br\/site\/wp-json\/wp\/v2\/posts\/43546"}],"collection":[{"href":"https:\/\/anprotec.org.br\/site\/wp-json\/wp\/v2\/posts"}],"about":[{"href":"https:\/\/anprotec.org.br\/site\/wp-json\/wp\/v2\/types\/post"}],"author":[{"embeddable":true,"href":"https:\/\/anprotec.org.br\/site\/wp-json\/wp\/v2\/users\/8"}],"replies":[{"embeddable":true,"href":"https:\/\/anprotec.org.br\/site\/wp-json\/wp\/v2\/comments?post=43546"}],"version-history":[{"count":2,"href":"https:\/\/anprotec.org.br\/site\/wp-json\/wp\/v2\/posts\/43546\/revisions"}],"predecessor-version":[{"id":43550,"href":"https:\/\/anprotec.org.br\/site\/wp-json\/wp\/v2\/posts\/43546\/revisions\/43550"}],"wp:featuredmedia":[{"embeddable":true,"href":"https:\/\/anprotec.org.br\/site\/wp-json\/wp\/v2\/media\/43548"}],"wp:attachment":[{"href":"https:\/\/anprotec.org.br\/site\/wp-json\/wp\/v2\/media?parent=43546"}],"wp:term":[{"taxonomy":"category","embeddable":true,"href":"https:\/\/anprotec.org.br\/site\/wp-json\/wp\/v2\/categories?post=43546"},{"taxonomy":"post_tag","embeddable":true,"href":"https:\/\/anprotec.org.br\/site\/wp-json\/wp\/v2\/tags?post=43546"},{"taxonomy":"calendar","embeddable":true,"href":"https:\/\/anprotec.org.br\/site\/wp-json\/wp\/v2\/calendar?post=43546"}],"curies":[{"name":"wp","href":"https:\/\/api.w.org\/{rel}","templated":true}]}}