{"id":43455,"date":"2022-10-26T11:36:23","date_gmt":"2022-10-26T14:36:23","guid":{"rendered":"https:\/\/anprotec.org.br\/site\/?p=43455"},"modified":"2022-10-26T11:36:23","modified_gmt":"2022-10-26T14:36:23","slug":"seminario-debatera-estrategias-para-criar-ambientes-de-inovacao-nos-municipios","status":"publish","type":"post","link":"https:\/\/anprotec.org.br\/site\/2022\/10\/seminario-debatera-estrategias-para-criar-ambientes-de-inovacao-nos-municipios\/","title":{"rendered":"Semin\u00e1rio debater\u00e1 estrat\u00e9gias para criar ambientes de inova\u00e7\u00e3o nos munic\u00edpios"},"content":{"rendered":"<p><img decoding=\"async\" loading=\"lazy\" class=\"size-full wp-image-43456 alignleft\" src=\"https:\/\/anprotec.org.br\/site\/wp-content\/uploads\/2022\/10\/2.png\" alt=\"\" width=\"370\" height=\"235\" srcset=\"https:\/\/anprotec.org.br\/site\/wp-content\/uploads\/2022\/10\/2.png 370w, https:\/\/anprotec.org.br\/site\/wp-content\/uploads\/2022\/10\/2-300x191.png 300w, https:\/\/anprotec.org.br\/site\/wp-content\/uploads\/2022\/10\/2-230x146.png 230w, https:\/\/anprotec.org.br\/site\/wp-content\/uploads\/2022\/10\/2-50x32.png 50w, https:\/\/anprotec.org.br\/site\/wp-content\/uploads\/2022\/10\/2-118x75.png 118w\" sizes=\"(max-width: 370px) 100vw, 370px\" \/>Projetos de pesquisa e de pol\u00edticas p\u00fablicas que favorecem a cria\u00e7\u00e3o de ambientes de inova\u00e7\u00e3o nos munic\u00edpios ser\u00e3o apresentados na pr\u00f3xima segunda-feira (24\/10), em mais um evento do Ciclo ILP-FAPESP de Ci\u00eancia e Inova\u00e7\u00e3o. Os participantes v\u00e3o debater particularidades de quatro modelos que convergem para essa mesma tem\u00e1tica. Todos trabalham com a cria\u00e7\u00e3o de polos de tecnologia, distritos de inova\u00e7\u00e3o, parques tecnol\u00f3gicos e incubadoras de empresas, cuja finalidade \u00e9 promover o desenvolvimento econ\u00f4mico e social das comunidades em que s\u00e3o instalados.<\/p>\n<p><strong><a href=\"https:\/\/bv.fapesp.br\/pt\/pesquisador\/1870\/newton-cesario-frateschi\" target=\"_blank\" rel=\"noopener noreferrer\">Newton Frateschi<\/a><\/strong>, membro do Conselho Municipal de Ci\u00eancia, Tecnologia e Inova\u00e7\u00e3o de Campinas e professor do Instituto de F\u00edsica Gleb Wataghin da Universidade Estadual de Campinas (Unicamp), contar\u00e1 como foi desenvolvido e os resultados obtidos no ecossistema de inova\u00e7\u00e3o de Campinas. Ele apontar\u00e1 as a\u00e7\u00f5es estruturantes, de regionaliza\u00e7\u00e3o, pertencimento e de transforma\u00e7\u00e3o digital que conflu\u00edram para o desenvolvimento urbano inteligente. Ser\u00e3o destacadas propostas de a\u00e7\u00f5es futuras a serem adotadas pelo poder p\u00fablico para atrair talentos e fomentar a intera\u00e7\u00e3o entre startups e institui\u00e7\u00f5es de ci\u00eancia, tecnologia e inova\u00e7\u00e3o.<\/p>\n<p>O ecossistema local de inova\u00e7\u00e3o para a reindustrializa\u00e7\u00e3o do Brasil ser\u00e1 o tema abordado por Jos\u00e9 Eduardo Fiates, diretor da Federa\u00e7\u00e3o das Ind\u00fastrias do Estado de Santa Catarina e pesquisador da \u00e1rea de inova\u00e7\u00e3o. Ele far\u00e1 uma exposi\u00e7\u00e3o do percurso da evolu\u00e7\u00e3o recente da economia brasileira e como ela se vincula \u00e0 tem\u00e1tica da inova\u00e7\u00e3o e do desenvolvimento industrial. Na sequ\u00eancia, apresentar\u00e1 um modelo de ecossistema e seu impacto para a economia e para a ind\u00fastria. \u201cTamb\u00e9m faremos reflex\u00f5es e provoca\u00e7\u00f5es sobre caminhos, estrat\u00e9gias e escolhas a serem feitas para o Brasil e as regi\u00f5es evolu\u00edrem na dire\u00e7\u00e3o de experi\u00eancias bem-sucedidas no \u00e2mbito mundial\u201d, diz.<\/p>\n<p>O administrador Heraldo Ourem apresentar\u00e1 a trajet\u00f3ria do Porto Digital, parque tecnol\u00f3gico pernambucano que atua nas \u00e1reas de tecnologia da informa\u00e7\u00e3o e comunica\u00e7\u00e3o, economia criativa e futuro das cidades. Diretor de Inova\u00e7\u00e3o e Competitividade Empresarial do Porto Digital, ele contar\u00e1 como foi implementado o modelo de tripla h\u00e9lice de intera\u00e7\u00e3o entre governo, academia e empresas e como se deu a evolu\u00e7\u00e3o dos neg\u00f3cios. \u201cCom uma territorialidade singular entre os ambientes de inova\u00e7\u00e3o, ele representa a nova economia do Estado de Pernambuco\u201d, diz.<\/p>\n<p>E na sequ\u00eancia a professora da Escola de Direito da Funda\u00e7\u00e3o Get\u00falio Vargas Vera Monteiro falar\u00e1 do projeto de implanta\u00e7\u00e3o de um distrito de inova\u00e7\u00e3o na zona oeste da capital paulista, pr\u00f3ximo ao campus da Universidade de S\u00e3o Paulo (USP). A proposta contempla o Centro Internacional de Tecnologia e Inova\u00e7\u00e3o (CitiSP), j\u00e1 em fase adiantada de estrutura\u00e7\u00e3o. O objetivo \u00e9 atrair investimento privado e p\u00fablico para o desenvolvimento de neg\u00f3cios inovadores e da economia criativa. Detalhes do projeto podem ser conhecidos na\u00a0<strong><a href=\"http:\/\/www.parcerias.sp.gov.br\/Parcerias\/Projetos\/Detalhes\/165\" target=\"_blank\" rel=\"noopener noreferrer\">plataforma digital<\/a><\/strong>\u00a0de parcerias do Governo do Estado de S\u00e3o Paulo.<\/p>\n<p>O ciclo de semin\u00e1rios on-line \u00e9 organizado por meio de uma parceria entre o Instituto do Legislativo Paulista (ILP) e a FAPESP. O pr\u00f3ximo evento ser\u00e1 transmitido entre 15h e 17h15 pelo\u00a0<strong><a href=\"https:\/\/www.youtube.com\/watch?v=ex03QpTjriE\" target=\"_blank\" rel=\"noopener noreferrer\">canal<\/a><\/strong>\u00a0da Assembleia Legislativa de S\u00e3o Paulo (Alesp) no YouTube.<\/p>\n<p>As inscri\u00e7\u00f5es podem ser feitas pelo\u00a0<strong><a href=\"https:\/\/www.al.sp.gov.br\/ilp\/cursos-eventos\/detalheAtividade.jsp?id=8745\" target=\"_blank\" rel=\"noopener noreferrer\">site<\/a><\/strong>\u00a0da Alesp.<\/p>\n<p>Fonte: Fapesp<\/p>\n","protected":false},"excerpt":{"rendered":"<p>Projetos de pesquisa e de pol\u00edticas p\u00fablicas que favorecem a<span class=\"excerpt-hellip\"> [\u2026]<\/span><\/p>\n","protected":false},"author":8,"featured_media":43456,"comment_status":"closed","ping_status":"closed","sticky":false,"template":"","format":"standard","meta":{"footnotes":"","_links_to":"","_links_to_target":""},"categories":[3],"tags":[],"calendar":[],"_links":{"self":[{"href":"https:\/\/anprotec.org.br\/site\/wp-json\/wp\/v2\/posts\/43455"}],"collection":[{"href":"https:\/\/anprotec.org.br\/site\/wp-json\/wp\/v2\/posts"}],"about":[{"href":"https:\/\/anprotec.org.br\/site\/wp-json\/wp\/v2\/types\/post"}],"author":[{"embeddable":true,"href":"https:\/\/anprotec.org.br\/site\/wp-json\/wp\/v2\/users\/8"}],"replies":[{"embeddable":true,"href":"https:\/\/anprotec.org.br\/site\/wp-json\/wp\/v2\/comments?post=43455"}],"version-history":[{"count":1,"href":"https:\/\/anprotec.org.br\/site\/wp-json\/wp\/v2\/posts\/43455\/revisions"}],"predecessor-version":[{"id":43457,"href":"https:\/\/anprotec.org.br\/site\/wp-json\/wp\/v2\/posts\/43455\/revisions\/43457"}],"wp:featuredmedia":[{"embeddable":true,"href":"https:\/\/anprotec.org.br\/site\/wp-json\/wp\/v2\/media\/43456"}],"wp:attachment":[{"href":"https:\/\/anprotec.org.br\/site\/wp-json\/wp\/v2\/media?parent=43455"}],"wp:term":[{"taxonomy":"category","embeddable":true,"href":"https:\/\/anprotec.org.br\/site\/wp-json\/wp\/v2\/categories?post=43455"},{"taxonomy":"post_tag","embeddable":true,"href":"https:\/\/anprotec.org.br\/site\/wp-json\/wp\/v2\/tags?post=43455"},{"taxonomy":"calendar","embeddable":true,"href":"https:\/\/anprotec.org.br\/site\/wp-json\/wp\/v2\/calendar?post=43455"}],"curies":[{"name":"wp","href":"https:\/\/api.w.org\/{rel}","templated":true}]}}