{"id":4340,"date":"2013-10-14T23:49:42","date_gmt":"2013-10-15T02:49:42","guid":{"rendered":"http:\/\/anprotec.org.br\/site\/?p=4340"},"modified":"2013-10-15T00:00:54","modified_gmt":"2013-10-15T03:00:54","slug":"livro-sobre-novos-negocios-e-lancado-no-evento","status":"publish","type":"post","link":"https:\/\/anprotec.org.br\/site\/2013\/10\/livro-sobre-novos-negocios-e-lancado-no-evento\/","title":{"rendered":"<!--:pt-->Livro sobre novos neg\u00f3cios \u00e9 lan\u00e7ado no Semin\u00e1rio<!--:-->"},"content":{"rendered":"<p><!--:pt--><\/p>\n<p style=\"text-align: justify;\" align=\"center\"><img decoding=\"async\" loading=\"lazy\" class=\"alignleft size-full wp-image-4343\" alt=\"capa_livro2\" src=\"https:\/\/anprotec.org.br\/site\/wp-content\/uploads\/2013\/10\/capa_livro2.jpg\" width=\"270\" height=\"326\" srcset=\"https:\/\/anprotec.org.br\/site\/wp-content\/uploads\/2013\/10\/capa_livro2.jpg 270w, https:\/\/anprotec.org.br\/site\/wp-content\/uploads\/2013\/10\/capa_livro2-248x300.jpg 248w\" sizes=\"(max-width: 270px) 100vw, 270px\" \/>O conceito de neg\u00f3cio e os elementos necess\u00e1rios para fazer com que eles sobrevivam em ambientes econ\u00f4micos complicados s\u00e3o o foco do livro \u201cNovos neg\u00f3cios inovadores de crescimento empreendedor no Brasil\u201d, de Silvio Meira. A obra foi lan\u00e7ada hoje, 14 de outubro, durante a pr\u00e9-confer\u00eancia da Anprotec, no Porto M\u00eddia.<\/p>\n<p style=\"text-align: justify;\">Palestrante reconhecido em todo o pa\u00eds, Meira acredita que o Brasil tem muitos empreendedores, mas poucos neg\u00f3cios com alto impacto econ\u00f4mico e social. No livro, ele aborda o que \u00e9 necess\u00e1rio para mudar esse cen\u00e1rio e atingir a performance m\u00e9dia mundial, passando por responsabilidades p\u00fablicas, privadas e pessoais.<\/p>\n<p style=\"text-align: justify;\">\u201cO principal fator de sucesso para um novo neg\u00f3cio est\u00e1 por tr\u00e1s de uma pergunta simples, de resposta muito dif\u00edcil e, na maioria das vezes, vaga: \u2018que problema seu neg\u00f3cio resolve, para quem, como \u00e9 que este algu\u00e9m percebe, avalia e valoriza a solu\u00e7\u00e3o a ponto de lhe deixar capturar uma parte do valor gerado e como \u00e9 que voc\u00ea, empreendedor, vai conseguir chegar ao ponto em que suas receitas, em fun\u00e7\u00e3o das respostas \u00e0s perguntas anteriores, ser\u00e3o bem maiores do que suas despesas?\u2019 \u00c9 disso, de muitas formas, que o livro trata\u201d, explica o autor.<\/p>\n<p style=\"text-align: justify;\">Meira \u00e9 graduado em Engenharia Eletr\u00f4nica pelo Instituto Tecnol\u00f3gico de Aeron\u00e1utica (ITA), mestre e doutor em Ci\u00eancias da Computa\u00e7\u00e3o pela Universidade Federal de Pernambuco (UFPE) e pela<i>University of Kent at Canterbury<\/i>, da Inglaterra, respectivamente. O atual professor da UFPE j\u00e1 foi pesquisador do Conselho Nacional de Desenvolvimento Cient\u00edfico e Tecnol\u00f3gico (CNPq) por mais de 15 anos, criou e coordenou o programa de doutoramento em Ci\u00eancia da Computa\u00e7\u00e3o da UFPE, foi assessor da Secretaria de Pol\u00edtica de Inform\u00e1tica do Minist\u00e9rio da Ci\u00eancia, Tecnologia e Inova\u00e7\u00e3o (MCTI), presidente da Sociedade Brasileira de Computa\u00e7\u00e3o e consultor do Banco Mundial e do Programa das Na\u00e7\u00f5es Unidas para o Desenvolvimento.<\/p>\n<p><!--:--><\/p>\n","protected":false},"excerpt":{"rendered":"<p><!--:pt-->O conceito de neg\u00f3cio e os elementos necess\u00e1rios para fazer com que eles sobrevivam em ambientes econ\u00f4micos complicados s\u00e3o o foco do livro de Silvio Meira.<!--:--><\/p>\n","protected":false},"author":8,"featured_media":1294,"comment_status":"open","ping_status":"open","sticky":false,"template":"","format":"standard","meta":{"footnotes":"","_links_to":"","_links_to_target":""},"categories":[3],"tags":[],"calendar":[],"_links":{"self":[{"href":"https:\/\/anprotec.org.br\/site\/wp-json\/wp\/v2\/posts\/4340"}],"collection":[{"href":"https:\/\/anprotec.org.br\/site\/wp-json\/wp\/v2\/posts"}],"about":[{"href":"https:\/\/anprotec.org.br\/site\/wp-json\/wp\/v2\/types\/post"}],"author":[{"embeddable":true,"href":"https:\/\/anprotec.org.br\/site\/wp-json\/wp\/v2\/users\/8"}],"replies":[{"embeddable":true,"href":"https:\/\/anprotec.org.br\/site\/wp-json\/wp\/v2\/comments?post=4340"}],"version-history":[{"count":3,"href":"https:\/\/anprotec.org.br\/site\/wp-json\/wp\/v2\/posts\/4340\/revisions"}],"predecessor-version":[{"id":4346,"href":"https:\/\/anprotec.org.br\/site\/wp-json\/wp\/v2\/posts\/4340\/revisions\/4346"}],"wp:featuredmedia":[{"embeddable":true,"href":"https:\/\/anprotec.org.br\/site\/wp-json\/wp\/v2\/media\/1294"}],"wp:attachment":[{"href":"https:\/\/anprotec.org.br\/site\/wp-json\/wp\/v2\/media?parent=4340"}],"wp:term":[{"taxonomy":"category","embeddable":true,"href":"https:\/\/anprotec.org.br\/site\/wp-json\/wp\/v2\/categories?post=4340"},{"taxonomy":"post_tag","embeddable":true,"href":"https:\/\/anprotec.org.br\/site\/wp-json\/wp\/v2\/tags?post=4340"},{"taxonomy":"calendar","embeddable":true,"href":"https:\/\/anprotec.org.br\/site\/wp-json\/wp\/v2\/calendar?post=4340"}],"curies":[{"name":"wp","href":"https:\/\/api.w.org\/{rel}","templated":true}]}}