{"id":43374,"date":"2022-10-18T10:57:19","date_gmt":"2022-10-18T13:57:19","guid":{"rendered":"https:\/\/anprotec.org.br\/site\/?p=43374"},"modified":"2022-10-18T10:58:03","modified_gmt":"2022-10-18T13:58:03","slug":"land2land-connect-trata-sobre-oportunidades-de-internacionalizacao-em-lisboa","status":"publish","type":"post","link":"https:\/\/anprotec.org.br\/site\/2022\/10\/land2land-connect-trata-sobre-oportunidades-de-internacionalizacao-em-lisboa\/","title":{"rendered":"land2land Connect trata sobre oportunidades de internacionaliza\u00e7\u00e3o em Lisboa"},"content":{"rendered":"<p><span style=\"font-weight: 400\"><img decoding=\"async\" loading=\"lazy\" class=\"size-full wp-image-43375 alignleft\" src=\"https:\/\/anprotec.org.br\/site\/wp-content\/uploads\/2022\/10\/L2L-Lisboa.png\" alt=\"\" width=\"370\" height=\"235\" srcset=\"https:\/\/anprotec.org.br\/site\/wp-content\/uploads\/2022\/10\/L2L-Lisboa.png 370w, https:\/\/anprotec.org.br\/site\/wp-content\/uploads\/2022\/10\/L2L-Lisboa-300x191.png 300w, https:\/\/anprotec.org.br\/site\/wp-content\/uploads\/2022\/10\/L2L-Lisboa-230x146.png 230w, https:\/\/anprotec.org.br\/site\/wp-content\/uploads\/2022\/10\/L2L-Lisboa-50x32.png 50w, https:\/\/anprotec.org.br\/site\/wp-content\/uploads\/2022\/10\/L2L-Lisboa-118x75.png 118w\" sizes=\"(max-width: 370px) 100vw, 370px\" \/>Aconteceu na manh\u00e3 do dia 17 outubro (segunda-feira) a edi\u00e7\u00e3o land2land Connect Lisboa que contou com a presen\u00e7a de Francisco Sai\u00e3o Costa (AICEP), Jos\u00e9 Vale (IAPMEI), Andr\u00e9 Faria (Demium Aceleradora), Ant\u00f4nio Lucena de Faria (F\u00e1brica de Startups) e a media\u00e7\u00e3o de Rodrigo Mendes (Anprotec).\u00a0<\/span><\/p>\n<p><span style=\"font-weight: 400\">Com o intuito de promover a integra\u00e7\u00e3o de startups brasileiras em Portugal, mais precisamente em Lisboa, o evento proporcionou uma troca de experi\u00eancias entre os convidados e promoveu aos espectadores uma no\u00e7\u00e3o abrangente sobre como desenvolver conex\u00f5es com programas estrangeiros que promovem uma acelera\u00e7\u00e3o de pequenos neg\u00f3cios, atrav\u00e9s de solu\u00e7\u00f5es inovadoras que podem ser encontradas durante o estreitamento do relacionamento entre ambas as partes envolvidas.<\/span><\/p>\n<p><span style=\"font-weight: 400\">Trazendo visibilidade aos prestadores de servi\u00e7os locais, o encontro tamb\u00e9m estimulou esses ambientes de inova\u00e7\u00e3o a criar agendas bilaterais e a oferecer ao p\u00fablico alvo desse setor acesso aos benef\u00edcios ofertados pelo programa.<\/span><\/p>\n<p><span style=\"font-weight: 400\">Dando in\u00edcio a troca de saberes, Francisco Costa relata sobre os principais motivos para se escolher Portugal como ponte para internacionalizar a Startups, sendo o primeiro deles o fato de que o pa\u00eds possui uma localiza\u00e7\u00e3o estrat\u00e9gica, fuso hor\u00e1rio diferenciado em rela\u00e7\u00e3o ao Brasil, percep\u00e7\u00e3o de risco, Mindset Verde, exporta\u00e7\u00f5es de bens e servi\u00e7os, IDE (Investimento Direto Estrangeiro), hist\u00f3rico de novas tecnologias, ponto de refer\u00eancia internacional, tecnologia e qualidade de vida.<\/span><\/p>\n<p><span style=\"font-weight: 400\">Jos\u00e9 Vale\u00a0 fala sobre as iniciativas de apoio ao empreendedorismo e a inova\u00e7\u00e3o empresarial, que possuem aspectos importantes aos empreendedores brasileiros que buscam oportunidades no pa\u00eds. Tendo como foco o ecossistema, financiamento e internacionaliza\u00e7\u00e3o que juntos fazem com que essas pequenas empresas alcancem um bom desempenho.<\/span><\/p>\n<p><span style=\"font-weight: 400\">Em seguida Andr\u00e9 Faria come\u00e7a sua apresenta\u00e7\u00e3o abordando os aspectos e as caracter\u00edsticas que movem a empresa Demium Aceleradora na qual ele faz parte, e frisa como ela pode ajudar esses empreendedores, atrav\u00e9s da sele\u00e7\u00e3o de talentos\u00a0<\/span><\/p>\n<p><span style=\"font-weight: 400\">que fornece uma no\u00e7\u00e3o real sobre como esses participantes podem aprimorar suas empresas com as etapas de aprofundamento sobre dynamic, all startup, onboarding, programme e investment que a organiza\u00e7\u00e3o que ele faz parte oferece.\u00a0<\/span><\/p>\n<p><span style=\"font-weight: 400\">Ant\u00f4nio Lucena aborda a miss\u00e3o da F\u00e1brica de Startups que \u00e9 ajudar as pessoas a serem empreendedores de sucesso, por meio da idea\u00e7\u00e3o, acelera\u00e7\u00e3o e GO-TO-MARKET.\u00a0\u00a0<\/span><\/p>\n<p><span style=\"font-weight: 400\">Finalizando o encontro, Carlos<\/span><span style=\"font-weight: 400\"> Cortes CEO da The Venture Builder fala sobre o portf\u00f3lio de servi\u00e7os que est\u00e3o alocados dentro da empresa e descreve os objetivos e as funcionalidades presentes no programa de softlanding.<\/span><\/p>\n<p><span style=\"font-weight: 400\">Assista o v\u00eddeo na \u00edntegra em nosso canal de YouTube em <a href=\"https:\/\/www.youtube.com\/watch?v=SXySFauqmyI\">https:\/\/www.youtube.com\/watch?v=SXySFauqmyI<\/a><\/span><\/p>\n","protected":false},"excerpt":{"rendered":"<p>Aconteceu na manh\u00e3 do dia 17 outubro (segunda-feira) a edi\u00e7\u00e3o<span class=\"excerpt-hellip\"> [\u2026]<\/span><\/p>\n","protected":false},"author":8,"featured_media":43375,"comment_status":"closed","ping_status":"closed","sticky":false,"template":"","format":"standard","meta":{"footnotes":"","_links_to":"","_links_to_target":""},"categories":[3],"tags":[],"calendar":[],"_links":{"self":[{"href":"https:\/\/anprotec.org.br\/site\/wp-json\/wp\/v2\/posts\/43374"}],"collection":[{"href":"https:\/\/anprotec.org.br\/site\/wp-json\/wp\/v2\/posts"}],"about":[{"href":"https:\/\/anprotec.org.br\/site\/wp-json\/wp\/v2\/types\/post"}],"author":[{"embeddable":true,"href":"https:\/\/anprotec.org.br\/site\/wp-json\/wp\/v2\/users\/8"}],"replies":[{"embeddable":true,"href":"https:\/\/anprotec.org.br\/site\/wp-json\/wp\/v2\/comments?post=43374"}],"version-history":[{"count":2,"href":"https:\/\/anprotec.org.br\/site\/wp-json\/wp\/v2\/posts\/43374\/revisions"}],"predecessor-version":[{"id":43377,"href":"https:\/\/anprotec.org.br\/site\/wp-json\/wp\/v2\/posts\/43374\/revisions\/43377"}],"wp:featuredmedia":[{"embeddable":true,"href":"https:\/\/anprotec.org.br\/site\/wp-json\/wp\/v2\/media\/43375"}],"wp:attachment":[{"href":"https:\/\/anprotec.org.br\/site\/wp-json\/wp\/v2\/media?parent=43374"}],"wp:term":[{"taxonomy":"category","embeddable":true,"href":"https:\/\/anprotec.org.br\/site\/wp-json\/wp\/v2\/categories?post=43374"},{"taxonomy":"post_tag","embeddable":true,"href":"https:\/\/anprotec.org.br\/site\/wp-json\/wp\/v2\/tags?post=43374"},{"taxonomy":"calendar","embeddable":true,"href":"https:\/\/anprotec.org.br\/site\/wp-json\/wp\/v2\/calendar?post=43374"}],"curies":[{"name":"wp","href":"https:\/\/api.w.org\/{rel}","templated":true}]}}