{"id":43349,"date":"2022-10-13T13:08:33","date_gmt":"2022-10-13T16:08:33","guid":{"rendered":"https:\/\/anprotec.org.br\/site\/?p=43349"},"modified":"2025-02-25T15:05:04","modified_gmt":"2025-02-25T18:05:04","slug":"josep-pique-e-o-proximo-confirmado-na-32a-conferencia-anprotec","status":"publish","type":"post","link":"https:\/\/anprotec.org.br\/site\/2022\/10\/josep-pique-e-o-proximo-confirmado-na-32a-conferencia-anprotec\/","title":{"rendered":"Josep Piqu\u00e9 \u00e9 o pr\u00f3ximo confirmado na 32\u00aa\u00a0 Confer\u00eancia Anprotec"},"content":{"rendered":"<p><img decoding=\"async\" loading=\"lazy\" class=\"size-full wp-image-43350 aligncenter\" src=\"https:\/\/anprotec.org.br\/site\/wp-content\/uploads\/2022\/10\/Card_Josep-Pique\u0301.png\" alt=\"\" width=\"1080\" height=\"1080\" srcset=\"https:\/\/anprotec.org.br\/site\/wp-content\/uploads\/2022\/10\/Card_Josep-Pique\u0301.png 1080w, https:\/\/anprotec.org.br\/site\/wp-content\/uploads\/2022\/10\/Card_Josep-Pique\u0301-300x300.png 300w, https:\/\/anprotec.org.br\/site\/wp-content\/uploads\/2022\/10\/Card_Josep-Pique\u0301-1024x1024.png 1024w, https:\/\/anprotec.org.br\/site\/wp-content\/uploads\/2022\/10\/Card_Josep-Pique\u0301-768x768.png 768w, https:\/\/anprotec.org.br\/site\/wp-content\/uploads\/2022\/10\/Card_Josep-Pique\u0301-146x146.png 146w, https:\/\/anprotec.org.br\/site\/wp-content\/uploads\/2022\/10\/Card_Josep-Pique\u0301-50x50.png 50w, https:\/\/anprotec.org.br\/site\/wp-content\/uploads\/2022\/10\/Card_Josep-Pique\u0301-75x75.png 75w, https:\/\/anprotec.org.br\/site\/wp-content\/uploads\/2022\/10\/Card_Josep-Pique\u0301-85x85.png 85w, https:\/\/anprotec.org.br\/site\/wp-content\/uploads\/2022\/10\/Card_Josep-Pique\u0301-80x80.png 80w\" sizes=\"(max-width: 1080px) 100vw, 1080px\" \/><\/p>\n<p><span style=\"font-weight: 400\">Estamos nos aproximando da 32\u00aa Confer\u00eancia Anprotec e as novidades est\u00e3o a mil por aqui. O Presidente Executivo de La Salle Technova Barcelona, Josep Piqu\u00e9 \u00e9 o pr\u00f3ximo convidado confirmado para o evento.<\/span><\/p>\n<p><span style=\"font-weight: 400\">Josep Miquel Piqu\u00e9 \u00e9 engenheiro de telecomunica\u00e7\u00f5es e doutor em ecossistemas de Inova\u00e7\u00e3o. Atualmente \u00e9 diretor de internacionaliza\u00e7\u00e3o e inova\u00e7\u00e3o de La Salle-URL, presidente executivo de La Salle Technova Barcelona, presidente da Rede Catalana de Parques Cient\u00edficos e Tecnol\u00f3gicos, vice-presidente da Associa\u00e7\u00e3o de Parques Cient\u00edficos e Tecnol\u00f3gicos da Espanha, e ex-presidente da IASP Internacional. Sua linha central de atividade \u00e9 o projeto de economia e sociedade baseados no conhecimento.<\/span><\/p>\n<p><span style=\"font-weight: 400\">A Confer\u00eancia Anprotec ter\u00e1 como tema &#8220;200 anos de independ\u00eancia: inova\u00e7\u00e3o e tecnologia do Brasil&#8221; e acontecer\u00e1 de 5 a 7 de dezembro, em Salvador, na Bahia.<\/span><span style=\"font-weight: 400\">Para saber mais, acesse <\/span><a href=\"https:\/\/anprotec.org.br\/conferencia2022\/\"><span style=\"font-weight: 400\">https:\/\/anprotec.org.br\/conferencia2022\/<\/span><\/a><\/p>\n","protected":false},"excerpt":{"rendered":"<p>Estamos nos aproximando da 32\u00aa Confer\u00eancia Anprotec e as novidades<span class=\"excerpt-hellip\"> [\u2026]<\/span><\/p>\n","protected":false},"author":8,"featured_media":43351,"comment_status":"closed","ping_status":"closed","sticky":false,"template":"","format":"standard","meta":{"footnotes":"","_links_to":"","_links_to_target":""},"categories":[411,395,3],"tags":[],"calendar":[],"_links":{"self":[{"href":"https:\/\/anprotec.org.br\/site\/wp-json\/wp\/v2\/posts\/43349"}],"collection":[{"href":"https:\/\/anprotec.org.br\/site\/wp-json\/wp\/v2\/posts"}],"about":[{"href":"https:\/\/anprotec.org.br\/site\/wp-json\/wp\/v2\/types\/post"}],"author":[{"embeddable":true,"href":"https:\/\/anprotec.org.br\/site\/wp-json\/wp\/v2\/users\/8"}],"replies":[{"embeddable":true,"href":"https:\/\/anprotec.org.br\/site\/wp-json\/wp\/v2\/comments?post=43349"}],"version-history":[{"count":1,"href":"https:\/\/anprotec.org.br\/site\/wp-json\/wp\/v2\/posts\/43349\/revisions"}],"predecessor-version":[{"id":43352,"href":"https:\/\/anprotec.org.br\/site\/wp-json\/wp\/v2\/posts\/43349\/revisions\/43352"}],"wp:featuredmedia":[{"embeddable":true,"href":"https:\/\/anprotec.org.br\/site\/wp-json\/wp\/v2\/media\/43351"}],"wp:attachment":[{"href":"https:\/\/anprotec.org.br\/site\/wp-json\/wp\/v2\/media?parent=43349"}],"wp:term":[{"taxonomy":"category","embeddable":true,"href":"https:\/\/anprotec.org.br\/site\/wp-json\/wp\/v2\/categories?post=43349"},{"taxonomy":"post_tag","embeddable":true,"href":"https:\/\/anprotec.org.br\/site\/wp-json\/wp\/v2\/tags?post=43349"},{"taxonomy":"calendar","embeddable":true,"href":"https:\/\/anprotec.org.br\/site\/wp-json\/wp\/v2\/calendar?post=43349"}],"curies":[{"name":"wp","href":"https:\/\/api.w.org\/{rel}","templated":true}]}}