{"id":4333,"date":"2013-10-14T23:33:37","date_gmt":"2013-10-15T02:33:37","guid":{"rendered":"http:\/\/anprotec.org.br\/site\/?p=4333"},"modified":"2013-10-16T13:15:29","modified_gmt":"2013-10-16T16:15:29","slug":"seed-forum-aproxima-empresas-de-investidores","status":"publish","type":"post","link":"https:\/\/anprotec.org.br\/site\/2013\/10\/seed-forum-aproxima-empresas-de-investidores\/","title":{"rendered":"<!--:pt-->Seed F\u00f3rum aproxima empresas de investidores<!--:-->"},"content":{"rendered":"<p><!--:pt--><\/p>\n<p style=\"text-align: justify;\"><img decoding=\"async\" loading=\"lazy\" class=\"alignleft size-thumbnail wp-image-4334\" alt=\"10272022955_0fc1df9c97\" src=\"https:\/\/anprotec.org.br\/site\/wp-content\/uploads\/2013\/10\/10272022955_0fc1df9c97-270x160.jpg\" width=\"270\" height=\"160\" \/>Uma das atividades do pr\u00e9-evento da Anprotec, o <strong>Seed F\u00f3rum Internacional<\/strong>, reuniu empreendedores e investidores em Recife (PE). Dois pain\u00e9is abriram a programa\u00e7\u00e3o. O primeiro foi moderado pelo presidente da Associa\u00e7\u00e3o Brasileira de Private Equity e Venture Capital (ABVCAP), Clovis Meurer, e tinha como foco as oportunidades de investimento em empresas inovadoras.\u00a0 J\u00e1 o segundo discutiu a prepara\u00e7\u00e3o das empresas para receber investimento \u2013 e foi moderado pelo analista do Departamento de Investimento em Participa\u00e7\u00f5es \u2013 \u00c1rea de Investimentos da Ag\u00eancia Brasileira de Inova\u00e7\u00e3o, Bruno Rodrigues Camargo.<\/p>\n<p style=\"text-align: justify;\">Durante a ocasi\u00e3o, foram apresentados o hist\u00f3rico da ind\u00fastria no Brasil e suas rela\u00e7\u00f5es com o crescimento do capital investido. Os participantes puderam tamb\u00e9m conhecer os tipos de investidores e os ciclos e caminhos dos empreendedores para alcan\u00e7ar os investimentos &#8211;\u00a0 prospec\u00e7\u00e3o, an\u00e1lise, negocia\u00e7\u00e3o e contrata\u00e7\u00e3o.<\/p>\n<p style=\"text-align: justify;\">Bernardo Portugal (foto),<b>\u00a0<\/b>acionista fundador da Confrapar Participa\u00e7\u00f5es e Pesquisa S\/A e convidado para o segundo painel, forneceu dicas para os empres\u00e1rios se prepararem antes do contato com um poss\u00edvel investidor. Segundo ele, \u00e9 importante que a empresa tenha toda documenta\u00e7\u00e3o organizada por meio do procedimento de\u00a0<i>due diligence<\/i>\u00a0\u2013 investiga\u00e7\u00e3o e auditoria das informa\u00e7\u00f5es da empresa e do cumprimento das rotinas legais, necess\u00e1rias ao desenvolvimento de suas atividades. \u201cAntecipar a solu\u00e7\u00e3o de problemas por meio do due diligence diminui os riscos do investidor ou comprador do empreendimento. Esse tipo de a\u00e7\u00e3o acelera o fechamento do neg\u00f3cio\u201d, afirma.<\/p>\n<p style=\"text-align: justify;\">A tarde foi dedicada \u00e0 apresenta\u00e7\u00e3o das 10 empresas pr\u00e9-selecionadas para o Seed Forum. Dos setores de \u00f3leo e g\u00e1s, energias renov\u00e1veis, neurotecnologia, sa\u00fade, ind\u00fastria e tecnologia da informa\u00e7\u00e3o, os empres\u00e1rios que chegaram \u00e0 etapa final foram treinadas pela ABVCAP para atrair a aten\u00e7\u00e3o dos investidores.\u00a0 Apresentaram-se as seguintes empresas:<\/p>\n<p style=\"text-align: justify;\">&#8211;\u00a0<i>Welle Tecnologia Laser Ltda.\u00a0<\/i>&#8211; Centro Empresarial para Labora\u00e7\u00e3o de Tecnologias Avan\u00e7adas (CELTA), SC<\/p>\n<p style=\"text-align: justify;\">&#8211;\u00a0<i>Limpgas Tecnologia em Descarte de Gases Industriais Ltda.\u00a0<\/i>&#8211; Companhia de Desenvolvimento do P\u00f3lo de Alta Tecnologia de Campinas (Ciatec), SP<\/p>\n<p style=\"text-align: justify;\">&#8211;\u00a0<i>Sollis Solu\u00e7\u00f5es Integradas a Sa\u00fade Ltda.\u00a0<\/i>&#8211; Centro de Inova\u00e7\u00e3o, Empreendedorismo e Tecnologia (Cietec), SP<\/p>\n<p style=\"text-align: justify;\">&#8211;\u00a0<i>Seu Condom\u00ednio Ltda\u00a0<\/i>&#8211; Programa de Incuba\u00e7\u00e3o de Empresas da Universidade Federal de Gois\u00e1s (Proine), GO<\/p>\n<p style=\"text-align: justify;\">&#8211;\u00a0<i>Forebrain Neurotecnologia Ltda.\u00a0<\/i>&#8211; Incubadora da Coppe\/UFRJ, RJ<\/p>\n<p style=\"text-align: justify;\">&#8211;\u00a0<i>Policlay Nanotech Ind\u00fastria e Com\u00e9rcio\u00a0<\/i>&#8211; Funda\u00e7\u00e3o N\u00facleo de Tecnologia Industrial do Cear\u00e1 (NUTEC), CE<\/p>\n<p style=\"text-align: justify;\">&#8211;\u00a0\u00a0<i>Bioware Desenvolvimento de Tecnologia de Energia e Meio Ambiente Ltda.\u00a0<\/i>&#8211; Incubadora de Empresas da Unicamp, SP<\/p>\n<p style=\"text-align: justify;\">&#8211;\u00a0<i>XBot C. Associados Equipamentos Eletr\u00f4nicos Ltda.\u00a0<\/i>&#8211; Centro Incubador de Empresas Tecnol\u00f3gicas (Cinet), SP<\/p>\n<p style=\"text-align: justify;\"><i>&#8211; ColOff Industrial Ltda.\u00a0<\/i>&#8211; Centro de Inova\u00e7\u00e3o, Empreendedorismo e Tecnologia (Cietec), SP<\/p>\n<p style=\"text-align: justify;\">&#8211;\u00a0\u00a0<i>Ambidados Consultoria em Meio Ambiente Ltda.\u00a0<\/i>&#8211; Incubadora da Coppe\/UFRJ, RJ<\/p>\n<p style=\"text-align: justify;\"><b>Sobre o Seed F\u00f3rum<\/b><\/p>\n<p style=\"text-align: justify;\">Organizado por Finep, Anprotec e ABVCAP, o Seed F\u00f3rum \u00e9 um programa de capacita\u00e7\u00e3o empresarial consolidado em eventos, nos quais os empres\u00e1rios participantes t\u00eam a oportunidade de se apresentar para potenciais investidores, como fundos de investimentos, investidores corporativos e investidores anjos.<\/p>\n<p style=\"text-align: justify;\">O evento tamb\u00e9m conta com o patroc\u00ednio da ABDI, parceria institucional do FUMIN\/BID e apoio da Apex-Brasil, Confrapar, Criatec, Crowe Howarth, Derraik &amp; Menezes Advogados, DGF Investimentos, Fir Capital, Ibri, Inseed Investimentos e SP Ventures.<\/p>\n<p style=\"text-align: justify;\"><em>*Foto: Flora Pimentel\/Divulga\u00e7\u00e3o<\/em><\/p>\n<p><!--:--><\/p>\n","protected":false},"excerpt":{"rendered":"<p><!--:pt-->10 empresas apresentaram suas propostas para potenciais investidores. O f\u00f3rum fez parte das atividades pr\u00e9-evento do Semin\u00e1rio Nacional da Anprotec.<!--:--><\/p>\n","protected":false},"author":8,"featured_media":4334,"comment_status":"open","ping_status":"open","sticky":false,"template":"","format":"standard","meta":{"footnotes":"","_links_to":"","_links_to_target":""},"categories":[3],"tags":[],"calendar":[],"_links":{"self":[{"href":"https:\/\/anprotec.org.br\/site\/wp-json\/wp\/v2\/posts\/4333"}],"collection":[{"href":"https:\/\/anprotec.org.br\/site\/wp-json\/wp\/v2\/posts"}],"about":[{"href":"https:\/\/anprotec.org.br\/site\/wp-json\/wp\/v2\/types\/post"}],"author":[{"embeddable":true,"href":"https:\/\/anprotec.org.br\/site\/wp-json\/wp\/v2\/users\/8"}],"replies":[{"embeddable":true,"href":"https:\/\/anprotec.org.br\/site\/wp-json\/wp\/v2\/comments?post=4333"}],"version-history":[{"count":6,"href":"https:\/\/anprotec.org.br\/site\/wp-json\/wp\/v2\/posts\/4333\/revisions"}],"predecessor-version":[{"id":4336,"href":"https:\/\/anprotec.org.br\/site\/wp-json\/wp\/v2\/posts\/4333\/revisions\/4336"}],"wp:featuredmedia":[{"embeddable":true,"href":"https:\/\/anprotec.org.br\/site\/wp-json\/wp\/v2\/media\/4334"}],"wp:attachment":[{"href":"https:\/\/anprotec.org.br\/site\/wp-json\/wp\/v2\/media?parent=4333"}],"wp:term":[{"taxonomy":"category","embeddable":true,"href":"https:\/\/anprotec.org.br\/site\/wp-json\/wp\/v2\/categories?post=4333"},{"taxonomy":"post_tag","embeddable":true,"href":"https:\/\/anprotec.org.br\/site\/wp-json\/wp\/v2\/tags?post=4333"},{"taxonomy":"calendar","embeddable":true,"href":"https:\/\/anprotec.org.br\/site\/wp-json\/wp\/v2\/calendar?post=4333"}],"curies":[{"name":"wp","href":"https:\/\/api.w.org\/{rel}","templated":true}]}}