{"id":43319,"date":"2022-10-07T13:26:35","date_gmt":"2022-10-07T16:26:35","guid":{"rendered":"https:\/\/anprotec.org.br\/site\/?p=43319"},"modified":"2025-02-25T15:05:35","modified_gmt":"2025-02-25T18:05:35","slug":"bruce-katz-esta-confirmado-na-32a-conferencia-anprotec","status":"publish","type":"post","link":"https:\/\/anprotec.org.br\/site\/2022\/10\/bruce-katz-esta-confirmado-na-32a-conferencia-anprotec\/","title":{"rendered":"Bruce Katz est\u00e1 confirmado na 32\u00aa Confer\u00eancia Anprotec"},"content":{"rendered":"<p><img decoding=\"async\" loading=\"lazy\" class=\"size-full wp-image-43320 aligncenter\" src=\"https:\/\/anprotec.org.br\/site\/wp-content\/uploads\/2022\/10\/Card_Bruce-Katz.png\" alt=\"\" width=\"1080\" height=\"1080\" srcset=\"https:\/\/anprotec.org.br\/site\/wp-content\/uploads\/2022\/10\/Card_Bruce-Katz.png 1080w, https:\/\/anprotec.org.br\/site\/wp-content\/uploads\/2022\/10\/Card_Bruce-Katz-300x300.png 300w, https:\/\/anprotec.org.br\/site\/wp-content\/uploads\/2022\/10\/Card_Bruce-Katz-1024x1024.png 1024w, https:\/\/anprotec.org.br\/site\/wp-content\/uploads\/2022\/10\/Card_Bruce-Katz-768x768.png 768w, https:\/\/anprotec.org.br\/site\/wp-content\/uploads\/2022\/10\/Card_Bruce-Katz-146x146.png 146w, https:\/\/anprotec.org.br\/site\/wp-content\/uploads\/2022\/10\/Card_Bruce-Katz-50x50.png 50w, https:\/\/anprotec.org.br\/site\/wp-content\/uploads\/2022\/10\/Card_Bruce-Katz-75x75.png 75w, https:\/\/anprotec.org.br\/site\/wp-content\/uploads\/2022\/10\/Card_Bruce-Katz-85x85.png 85w, https:\/\/anprotec.org.br\/site\/wp-content\/uploads\/2022\/10\/Card_Bruce-Katz-80x80.png 80w\" sizes=\"(max-width: 1080px) 100vw, 1080px\" \/><\/p>\n<p><span style=\"font-weight: 400\">Temos mais um nome de peso para a 32\u00aa Confer\u00eancia Anprotec: Bruce Katz, cofundador e diretor inaugural do Nowak Metro Finance Lab. Katz aconselha regularmente l\u00edderes globais, nacionais, estaduais, regionais e municipais sobre reformas p\u00fablicas e inova\u00e7\u00f5es privadas que promovem o bem-estar das \u00e1reas metropolitanas e seus pa\u00edses.<\/span><\/p>\n<p><span style=\"font-weight: 400\">Com ampla experi\u00eancia em temas ligados \u00e0 tecnologia e inova\u00e7\u00e3o, Katz \u00e9 coautor do livro The New Localism: How Cities Can Thrive in the Age of Populism (O novo localismo: como as cidades podem prosperar na era do populismo) e The Metropolitan Revolution: How Cities and Metros are Fixing Our Broken Politics and Fragile Economy (A Revolu\u00e7\u00e3o Metropolitana: como as cidades e os metr\u00f4s est\u00e3o consertando nossa pol\u00edtica quebrada e economia fr\u00e1gil). Ambos os livros se concentram na ascens\u00e3o das cidades e redes de cidades como os principais solucionadores de problemas do mundo.<\/span><\/p>\n<p><span style=\"font-weight: 400\">Katz foi o primeiro Centennial Scholar na Brookings Institution, onde se concentrou nos desafios e oportunidades da urbaniza\u00e7\u00e3o global. Antes de assumir essa fun\u00e7\u00e3o, foi vice-presidente da Brookings Institution e diretor fundador do Brookings Metropolitan Policy Program. Antes disso, atuou como chefe de gabinete nos Estados Unidos. Ap\u00f3s a elei\u00e7\u00e3o presidencial de 2008, Bruce co-liderou a equipe de habita\u00e7\u00e3o e transi\u00e7\u00e3o urbana do governo de Barack Obama e atuou como consultor s\u00eanior do novo secret\u00e1rio de Habita\u00e7\u00e3o e Desenvolvimento Urbano, secret\u00e1rio Shaun Donovan, durante os primeiros 100 dias de governo.<\/span><\/p>\n<p><span style=\"font-weight: 400\">Al\u00e9m disso, Katz \u00e9 professor visitante na London School of Economics. Em 2006, recebeu o prestigioso Pr\u00eamio Heinz em Pol\u00edticas P\u00fablicas por suas contribui\u00e7\u00f5es para a compreens\u00e3o da \u201cfun\u00e7\u00e3o e valores das cidades e \u00e1reas metropolitanas e influenciando profundamente sua vitalidade econ\u00f4mica, habitabilidade e sustentabilidade\u201d. Katz \u00e9 graduado pela Brown University e pela Yale Law School.<\/span><\/p>\n<p><span style=\"font-weight: 400\">E a\u00ed, voc\u00ea est\u00e1 pronto para este grande evento? A Confer\u00eancia Anprotec acontece entre os dias 5 e 7 de dezembro em Salvador, na Bahia e ter\u00e1 como tema &#8220;200 anos de Independ\u00eancia: Inova\u00e7\u00e3o e Tecnologia do Brasil&#8221;.<\/span><\/p>\n<p><span style=\"font-weight: 400\">Saiba mais e inscreva-se em <a href=\"https:\/\/anprotec.org.br\/conferencia2022\/\">https:\/\/anprotec.org.br\/conferencia2022\/<\/a><\/span><\/p>\n","protected":false},"excerpt":{"rendered":"<p>Temos mais um nome de peso para a 32\u00aa Confer\u00eancia<span class=\"excerpt-hellip\"> [\u2026]<\/span><\/p>\n","protected":false},"author":8,"featured_media":43321,"comment_status":"closed","ping_status":"closed","sticky":false,"template":"","format":"standard","meta":{"footnotes":"","_links_to":"","_links_to_target":""},"categories":[411,395,3],"tags":[],"calendar":[],"_links":{"self":[{"href":"https:\/\/anprotec.org.br\/site\/wp-json\/wp\/v2\/posts\/43319"}],"collection":[{"href":"https:\/\/anprotec.org.br\/site\/wp-json\/wp\/v2\/posts"}],"about":[{"href":"https:\/\/anprotec.org.br\/site\/wp-json\/wp\/v2\/types\/post"}],"author":[{"embeddable":true,"href":"https:\/\/anprotec.org.br\/site\/wp-json\/wp\/v2\/users\/8"}],"replies":[{"embeddable":true,"href":"https:\/\/anprotec.org.br\/site\/wp-json\/wp\/v2\/comments?post=43319"}],"version-history":[{"count":1,"href":"https:\/\/anprotec.org.br\/site\/wp-json\/wp\/v2\/posts\/43319\/revisions"}],"predecessor-version":[{"id":43322,"href":"https:\/\/anprotec.org.br\/site\/wp-json\/wp\/v2\/posts\/43319\/revisions\/43322"}],"wp:featuredmedia":[{"embeddable":true,"href":"https:\/\/anprotec.org.br\/site\/wp-json\/wp\/v2\/media\/43321"}],"wp:attachment":[{"href":"https:\/\/anprotec.org.br\/site\/wp-json\/wp\/v2\/media?parent=43319"}],"wp:term":[{"taxonomy":"category","embeddable":true,"href":"https:\/\/anprotec.org.br\/site\/wp-json\/wp\/v2\/categories?post=43319"},{"taxonomy":"post_tag","embeddable":true,"href":"https:\/\/anprotec.org.br\/site\/wp-json\/wp\/v2\/tags?post=43319"},{"taxonomy":"calendar","embeddable":true,"href":"https:\/\/anprotec.org.br\/site\/wp-json\/wp\/v2\/calendar?post=43319"}],"curies":[{"name":"wp","href":"https:\/\/api.w.org\/{rel}","templated":true}]}}