{"id":43279,"date":"2022-10-05T09:42:18","date_gmt":"2022-10-05T12:42:18","guid":{"rendered":"https:\/\/anprotec.org.br\/site\/?p=43279"},"modified":"2025-02-25T15:08:27","modified_gmt":"2025-02-25T18:08:27","slug":"land2land-connect-realiza-edicao-de-internacionalizacao-virtual-em-lisboa","status":"publish","type":"post","link":"https:\/\/anprotec.org.br\/site\/2022\/10\/land2land-connect-realiza-edicao-de-internacionalizacao-virtual-em-lisboa\/","title":{"rendered":"land2land Connect realiza edi\u00e7\u00e3o de internacionaliza\u00e7\u00e3o virtual em Lisboa"},"content":{"rendered":"<p><img decoding=\"async\" loading=\"lazy\" class=\"alignnone size-full wp-image-43296\" src=\"https:\/\/anprotec.org.br\/site\/wp-content\/uploads\/2022\/10\/Banner_Programac\u0327a\u0303o-PT-BR.jpg\" alt=\"\" width=\"1920\" height=\"1080\" srcset=\"https:\/\/anprotec.org.br\/site\/wp-content\/uploads\/2022\/10\/Banner_Programac\u0327a\u0303o-PT-BR.jpg 1920w, https:\/\/anprotec.org.br\/site\/wp-content\/uploads\/2022\/10\/Banner_Programac\u0327a\u0303o-PT-BR-300x169.jpg 300w, https:\/\/anprotec.org.br\/site\/wp-content\/uploads\/2022\/10\/Banner_Programac\u0327a\u0303o-PT-BR-1024x576.jpg 1024w, https:\/\/anprotec.org.br\/site\/wp-content\/uploads\/2022\/10\/Banner_Programac\u0327a\u0303o-PT-BR-768x432.jpg 768w, https:\/\/anprotec.org.br\/site\/wp-content\/uploads\/2022\/10\/Banner_Programac\u0327a\u0303o-PT-BR-1536x864.jpg 1536w, https:\/\/anprotec.org.br\/site\/wp-content\/uploads\/2022\/10\/Banner_Programac\u0327a\u0303o-PT-BR-260x146.jpg 260w, https:\/\/anprotec.org.br\/site\/wp-content\/uploads\/2022\/10\/Banner_Programac\u0327a\u0303o-PT-BR-50x28.jpg 50w, https:\/\/anprotec.org.br\/site\/wp-content\/uploads\/2022\/10\/Banner_Programac\u0327a\u0303o-PT-BR-133x75.jpg 133w, https:\/\/anprotec.org.br\/site\/wp-content\/uploads\/2022\/10\/Banner_Programac\u0327a\u0303o-PT-BR-1200x675.jpg 1200w\" sizes=\"(max-width: 1920px) 100vw, 1920px\" \/><\/p>\n<p><span style=\"font-weight: 400\">No dia 17\/10, \u00e0s 10h &#8211; hor\u00e1rio de Bras\u00edlia &#8211; acontece a pr\u00f3xima edi\u00e7\u00e3o do land2land Connect. O evento trar\u00e1 oportunidades de internacionaliza\u00e7\u00e3o de startups brasileiras no ecossistema de inova\u00e7\u00e3o de Lisboa.<\/span><\/p>\n<p><span style=\"font-weight: 400\">A iniciativa busca promover o processo de internacionaliza\u00e7\u00e3o de empresas inovadoras atrav\u00e9s da introdu\u00e7\u00e3o \u00e0s solu\u00e7\u00f5es e conex\u00f5es virtuais com programas estrangeiros. Al\u00e9m de acelerar o processo de internacionaliza\u00e7\u00e3o de startups por meio da conex\u00e3o com prestadores de servi\u00e7o locais, do est\u00edmulo de agendas bilaterais e do acesso aos stakeholders desses programas.<\/span><\/p>\n<p><b>Programa\u00e7\u00e3o:<\/b><\/p>\n<p><b>10h &#8211; Abertura Oficial<\/b><\/p>\n<p><b>10h05 &#8211; Portugal: Porta de Entrada para o Mercado Europeu\u00a0<\/b><\/p>\n<ul>\n<li style=\"font-weight: 400\"><span style=\"font-weight: 400\">Francisco Sai\u00e3o Costa &#8211; AICEP<\/span><\/li>\n<\/ul>\n<p><b>10h25 &#8211; Benef\u00edcios: Startup Visa, Startup Voucher, Incubation Voucher, Operation Follows, Tech Visa e Road2WebSummit<\/b><\/p>\n<ul>\n<li style=\"font-weight: 400\"><span style=\"font-weight: 400\">Jos\u00e9 Vale &#8211; IAPMEI<\/span><\/li>\n<\/ul>\n<p><b>10h45 &#8211; Apresenta\u00e7\u00e3o do Programa de Acelera\u00e7\u00e3o Demium<\/b><\/p>\n<ul>\n<li style=\"font-weight: 400\"><span style=\"font-weight: 400\">Andr\u00e9 Faria &#8211; Demium Aceleradora<\/span><\/li>\n<\/ul>\n<p><span style=\"font-weight: 400\">1<\/span><b>1h05 &#8211; Programa de Internacionaliza\u00e7\u00e3o: Starting<\/b><\/p>\n<ul>\n<li style=\"font-weight: 400\"><span style=\"font-weight: 400\">\u00a0Ant\u00f4nio Lucena de Faria &#8211; F\u00e1brica de Startups<\/span><\/li>\n<\/ul>\n<p><span style=\"font-weight: 400\">11h25 &#8211; Fechamento do evento<\/span><\/p>\n<p><span style=\"font-weight: 400\">O evento \u00e9 gratuito e ser\u00e1 transmitido no canal de YouTube da Anprotec, para acompanhar inscreva-se no link em <\/span><a href=\"https:\/\/informativo.anprotec.org.br\/land2land-connect-lisboa\"><span style=\"font-weight: 400\">https:\/\/informativo.anprotec.org.br\/land2land-connect-lisboa<\/span><\/a><\/p>\n<p><span style=\"font-weight: 400\">O land2land Connect \u00e9 uma iniciativa realizada por meio de uma parceria da Anprotec e o SEBRAE.<\/span><\/p>\n","protected":false},"excerpt":{"rendered":"<p>No dia 17\/10, \u00e0s 10h &#8211; hor\u00e1rio de Bras\u00edlia &#8211;<span class=\"excerpt-hellip\"> [\u2026]<\/span><\/p>\n","protected":false},"author":8,"featured_media":43281,"comment_status":"closed","ping_status":"closed","sticky":false,"template":"","format":"standard","meta":{"footnotes":"","_links_to":"","_links_to_target":""},"categories":[3,383],"tags":[],"calendar":[],"_links":{"self":[{"href":"https:\/\/anprotec.org.br\/site\/wp-json\/wp\/v2\/posts\/43279"}],"collection":[{"href":"https:\/\/anprotec.org.br\/site\/wp-json\/wp\/v2\/posts"}],"about":[{"href":"https:\/\/anprotec.org.br\/site\/wp-json\/wp\/v2\/types\/post"}],"author":[{"embeddable":true,"href":"https:\/\/anprotec.org.br\/site\/wp-json\/wp\/v2\/users\/8"}],"replies":[{"embeddable":true,"href":"https:\/\/anprotec.org.br\/site\/wp-json\/wp\/v2\/comments?post=43279"}],"version-history":[{"count":2,"href":"https:\/\/anprotec.org.br\/site\/wp-json\/wp\/v2\/posts\/43279\/revisions"}],"predecessor-version":[{"id":43297,"href":"https:\/\/anprotec.org.br\/site\/wp-json\/wp\/v2\/posts\/43279\/revisions\/43297"}],"wp:featuredmedia":[{"embeddable":true,"href":"https:\/\/anprotec.org.br\/site\/wp-json\/wp\/v2\/media\/43281"}],"wp:attachment":[{"href":"https:\/\/anprotec.org.br\/site\/wp-json\/wp\/v2\/media?parent=43279"}],"wp:term":[{"taxonomy":"category","embeddable":true,"href":"https:\/\/anprotec.org.br\/site\/wp-json\/wp\/v2\/categories?post=43279"},{"taxonomy":"post_tag","embeddable":true,"href":"https:\/\/anprotec.org.br\/site\/wp-json\/wp\/v2\/tags?post=43279"},{"taxonomy":"calendar","embeddable":true,"href":"https:\/\/anprotec.org.br\/site\/wp-json\/wp\/v2\/calendar?post=43279"}],"curies":[{"name":"wp","href":"https:\/\/api.w.org\/{rel}","templated":true}]}}