{"id":43170,"date":"2022-09-20T13:47:11","date_gmt":"2022-09-20T16:47:11","guid":{"rendered":"https:\/\/anprotec.org.br\/site\/?p=43170"},"modified":"2025-02-25T14:20:56","modified_gmt":"2025-02-25T17:20:56","slug":"programa-de-aceleracao-cruzada-brasil-colombia-conclui-atividades-da-semana-de-imersao","status":"publish","type":"post","link":"https:\/\/anprotec.org.br\/site\/2022\/09\/programa-de-aceleracao-cruzada-brasil-colombia-conclui-atividades-da-semana-de-imersao\/","title":{"rendered":"Programa de Acelera\u00e7\u00e3o Cruzada Brasil-Col\u00f4mbia conclui atividades da semana de imers\u00e3o\u00a0"},"content":{"rendered":"<p><img decoding=\"async\" loading=\"lazy\" class=\"alignright\" src=\"https:\/\/anprotec.org.br\/site\/wp-content\/uploads\/2022\/09\/1.png\" alt=\"\" width=\"391\" height=\"292\" \/>Encerrou-se na \u00faltima sexta-feira (16) a agenda de atividades da etapa de imers\u00e3o do Programa de Acelera\u00e7\u00e3o Cruzada Brasil-Col\u00f4mbia. Foram cinco dias intensos de atividades e visitas ao ecossistema de inova\u00e7\u00e3o colombiano.<\/p>\n<p><img decoding=\"async\" loading=\"lazy\" class=\"alignleft\" src=\"https:\/\/anprotec.org.br\/site\/wp-content\/uploads\/2022\/09\/2.png\" alt=\"\" width=\"254\" height=\"189\" \/>Na quarta-feira, os empreendedores brasileiros participaram de um painel com quatro fundos de investimento &#8211; o Brasil Venture Capital, o Inqlab, a Rede de Investidores Anjos da Col\u00f4mbia (Red de \u00c1ngeles Inversionistas) e o Finaktiva &#8211; seguido de um <i>Speed Dating<\/i> com estas entidades, onde puderam colocar seu pitch em pr\u00e1tica.<\/p>\n<p>A seu turno, na quinta-feira, os participantes visitaram o Domo i, Centro de Inova\u00e7\u00e3o do Grupo Bol\u00edvar, onde foi realizada a entrega simb\u00f3lica dos certificados de participa\u00e7\u00e3o das empresas. Al\u00e9m disso, eles assistiram ao v\u00eddeo com os registros da imers\u00e3o. O novo diretor da Innpulsa Colombia, que tomou posse h\u00e1 alguns dias, tamb\u00e9m esteve presente no evento. Seguindo as atividades, o grupo conheceu as salas do Centro de Inova\u00e7\u00e3o, a atividade foi dividida em dois momentos: um com a C\u00e2mara de Com\u00e9rcio de Bogot\u00e1, que det\u00eam 16 clusters tem\u00e1ticos, e outro com as aceleradoras Connect Bogot\u00e1, Pygma, Cube Ventures, Pantera Makers e Escala.<\/p>\n<p><strong>Confira o v\u00eddeo com os registros<\/strong><\/p>\n<p><iframe loading=\"lazy\" title=\"ALDEA GLOBAL   Memorias\" width=\"1220\" height=\"686\" src=\"https:\/\/www.youtube.com\/embed\/J5bh3x2tanM?feature=oembed\" frameborder=\"0\" allow=\"accelerometer; autoplay; clipboard-write; encrypted-media; gyroscope; picture-in-picture\" allowfullscreen><\/iframe><\/p>\n<p>Ainda na quinta-feira, os participantes regressaram ao CEmprende 93 para as agendas 1&#215;1 &#8211; reuni\u00f5es de <i style=\"letter-spacing: 0px\">matchmaking<\/i> &#8211; da tarde. Na sequ\u00eancia, foi realizado o Encontro das Empresas com a Superintend\u00eancia Financeira Colombiana, em que foi tratado, principalmente, do <i style=\"letter-spacing: 0px\">sandbox<\/i> regulat\u00f3rio que a Superintend\u00eancia disp\u00f5e.<\/p>\n<p><img decoding=\"async\" loading=\"lazy\" class=\"alignleft\" src=\"https:\/\/anprotec.org.br\/site\/wp-content\/uploads\/2022\/09\/4.png\" alt=\"\" width=\"385\" height=\"286\" \/><\/p>\n<p>Para concluir a agenda, na sexta-feira, o grupo participou de um painel com compartilhamento de experi\u00eancias de fintechs latinoamericanas, que tiveram um caso de \u00eaxito na internacionaliza\u00e7\u00e3o para Col\u00f4mbia: estiveram presentes as brasileiras Dock e Ebanx e a argentina Koibanx. Por \u00faltimo, o grupo seguiu para um almo\u00e7o de despedida.<\/p>\n<p>O Programa de Acelera\u00e7\u00e3o Cruzada Brasil-Col\u00f4mbia \u00e9 realizado pela Embaixada do Brasil em Bogot\u00e1, pelo Sebrae, pela Innpulsa Colombia por meio do programa #AldeaGlobal, e pela Anprotec.<\/p>\n","protected":false},"excerpt":{"rendered":"<p>Encerrou-se na \u00faltima sexta-feira (16) a agenda de atividades da<span class=\"excerpt-hellip\"> [\u2026]<\/span><\/p>\n","protected":false},"author":8,"featured_media":43183,"comment_status":"closed","ping_status":"closed","sticky":false,"template":"","format":"standard","meta":{"footnotes":"","_links_to":"","_links_to_target":""},"categories":[3],"tags":[],"calendar":[],"_links":{"self":[{"href":"https:\/\/anprotec.org.br\/site\/wp-json\/wp\/v2\/posts\/43170"}],"collection":[{"href":"https:\/\/anprotec.org.br\/site\/wp-json\/wp\/v2\/posts"}],"about":[{"href":"https:\/\/anprotec.org.br\/site\/wp-json\/wp\/v2\/types\/post"}],"author":[{"embeddable":true,"href":"https:\/\/anprotec.org.br\/site\/wp-json\/wp\/v2\/users\/8"}],"replies":[{"embeddable":true,"href":"https:\/\/anprotec.org.br\/site\/wp-json\/wp\/v2\/comments?post=43170"}],"version-history":[{"count":2,"href":"https:\/\/anprotec.org.br\/site\/wp-json\/wp\/v2\/posts\/43170\/revisions"}],"predecessor-version":[{"id":43185,"href":"https:\/\/anprotec.org.br\/site\/wp-json\/wp\/v2\/posts\/43170\/revisions\/43185"}],"wp:featuredmedia":[{"embeddable":true,"href":"https:\/\/anprotec.org.br\/site\/wp-json\/wp\/v2\/media\/43183"}],"wp:attachment":[{"href":"https:\/\/anprotec.org.br\/site\/wp-json\/wp\/v2\/media?parent=43170"}],"wp:term":[{"taxonomy":"category","embeddable":true,"href":"https:\/\/anprotec.org.br\/site\/wp-json\/wp\/v2\/categories?post=43170"},{"taxonomy":"post_tag","embeddable":true,"href":"https:\/\/anprotec.org.br\/site\/wp-json\/wp\/v2\/tags?post=43170"},{"taxonomy":"calendar","embeddable":true,"href":"https:\/\/anprotec.org.br\/site\/wp-json\/wp\/v2\/calendar?post=43170"}],"curies":[{"name":"wp","href":"https:\/\/api.w.org\/{rel}","templated":true}]}}