{"id":43164,"date":"2022-09-19T15:16:25","date_gmt":"2022-09-19T18:16:25","guid":{"rendered":"https:\/\/anprotec.org.br\/site\/?p=43164"},"modified":"2022-09-19T15:16:25","modified_gmt":"2022-09-19T18:16:25","slug":"programa-ideiaz-divulga-projetos-selecionados-no-4-ciclo","status":"publish","type":"post","link":"https:\/\/anprotec.org.br\/site\/2022\/09\/programa-ideiaz-divulga-projetos-selecionados-no-4-ciclo\/","title":{"rendered":"Programa Ideiaz divulga projetos selecionados no 4\u00b0 Ciclo"},"content":{"rendered":"<p><img decoding=\"async\" loading=\"lazy\" class=\"size-full wp-image-43165 aligncenter\" src=\"https:\/\/anprotec.org.br\/site\/wp-content\/uploads\/2022\/09\/Card_Resultado-4-Ciclo.png\" alt=\"\" width=\"1080\" height=\"1080\" srcset=\"https:\/\/anprotec.org.br\/site\/wp-content\/uploads\/2022\/09\/Card_Resultado-4-Ciclo.png 1080w, https:\/\/anprotec.org.br\/site\/wp-content\/uploads\/2022\/09\/Card_Resultado-4-Ciclo-300x300.png 300w, https:\/\/anprotec.org.br\/site\/wp-content\/uploads\/2022\/09\/Card_Resultado-4-Ciclo-1024x1024.png 1024w, https:\/\/anprotec.org.br\/site\/wp-content\/uploads\/2022\/09\/Card_Resultado-4-Ciclo-768x768.png 768w, https:\/\/anprotec.org.br\/site\/wp-content\/uploads\/2022\/09\/Card_Resultado-4-Ciclo-146x146.png 146w, https:\/\/anprotec.org.br\/site\/wp-content\/uploads\/2022\/09\/Card_Resultado-4-Ciclo-50x50.png 50w, https:\/\/anprotec.org.br\/site\/wp-content\/uploads\/2022\/09\/Card_Resultado-4-Ciclo-75x75.png 75w, https:\/\/anprotec.org.br\/site\/wp-content\/uploads\/2022\/09\/Card_Resultado-4-Ciclo-85x85.png 85w, https:\/\/anprotec.org.br\/site\/wp-content\/uploads\/2022\/09\/Card_Resultado-4-Ciclo-80x80.png 80w\" sizes=\"(max-width: 1080px) 100vw, 1080px\" \/><\/p>\n<p><span style=\"font-weight: 400\">Ap\u00f3s o processo de an\u00e1lise e sele\u00e7\u00e3o, conduzido pelo Comit\u00ea de Sele\u00e7\u00e3o do Ideiaz, j\u00e1 est\u00e1 dispon\u00edvel a lista com os projetos selecionados no 4\u00b0 Ciclo do Programa. Foram <\/span><span style=\"font-weight: 400\">106 <\/span><span style=\"font-weight: 400\">projetos escolhidos.<\/span><\/p>\n<p><span style=\"font-weight: 400\">Ao longo de 10 semanas, os selecionados receber\u00e3o atividades de mentoria, consultoria organizacional, assessorias diversas, suporte tecnol\u00f3gico, suporte para formaliza\u00e7\u00e3o do neg\u00f3cio e qualifica\u00e7\u00e3o empreendedora. Os atendimentos iniciar\u00e3o no pr\u00f3ximo dia <\/span><span style=\"font-weight: 400\">3\/10 <\/span><span style=\"font-weight: 400\">e ser\u00e3o conduzidos pelos mecanismos credenciados no programa.<\/span><\/p>\n<p><a href=\"https:\/\/programaideiaz.com.br\/wp-content\/uploads\/2022\/09\/Resultado-Ciclo4.pdf\" target=\"_blank\" rel=\"noopener noreferrer\"><b>CLIQUE AQUI<\/b><\/a><span style=\"font-weight: 400\"> e confira a lista de projetos selecionados. <\/span><\/p>\n","protected":false},"excerpt":{"rendered":"<p>Ap\u00f3s o processo de an\u00e1lise e sele\u00e7\u00e3o, conduzido pelo Comit\u00ea<span class=\"excerpt-hellip\"> [\u2026]<\/span><\/p>\n","protected":false},"author":8,"featured_media":43166,"comment_status":"closed","ping_status":"closed","sticky":false,"template":"","format":"standard","meta":{"footnotes":"","_links_to":"","_links_to_target":""},"categories":[395,3],"tags":[],"calendar":[],"_links":{"self":[{"href":"https:\/\/anprotec.org.br\/site\/wp-json\/wp\/v2\/posts\/43164"}],"collection":[{"href":"https:\/\/anprotec.org.br\/site\/wp-json\/wp\/v2\/posts"}],"about":[{"href":"https:\/\/anprotec.org.br\/site\/wp-json\/wp\/v2\/types\/post"}],"author":[{"embeddable":true,"href":"https:\/\/anprotec.org.br\/site\/wp-json\/wp\/v2\/users\/8"}],"replies":[{"embeddable":true,"href":"https:\/\/anprotec.org.br\/site\/wp-json\/wp\/v2\/comments?post=43164"}],"version-history":[{"count":2,"href":"https:\/\/anprotec.org.br\/site\/wp-json\/wp\/v2\/posts\/43164\/revisions"}],"predecessor-version":[{"id":43168,"href":"https:\/\/anprotec.org.br\/site\/wp-json\/wp\/v2\/posts\/43164\/revisions\/43168"}],"wp:featuredmedia":[{"embeddable":true,"href":"https:\/\/anprotec.org.br\/site\/wp-json\/wp\/v2\/media\/43166"}],"wp:attachment":[{"href":"https:\/\/anprotec.org.br\/site\/wp-json\/wp\/v2\/media?parent=43164"}],"wp:term":[{"taxonomy":"category","embeddable":true,"href":"https:\/\/anprotec.org.br\/site\/wp-json\/wp\/v2\/categories?post=43164"},{"taxonomy":"post_tag","embeddable":true,"href":"https:\/\/anprotec.org.br\/site\/wp-json\/wp\/v2\/tags?post=43164"},{"taxonomy":"calendar","embeddable":true,"href":"https:\/\/anprotec.org.br\/site\/wp-json\/wp\/v2\/calendar?post=43164"}],"curies":[{"name":"wp","href":"https:\/\/api.w.org\/{rel}","templated":true}]}}