{"id":4311,"date":"2013-10-14T22:35:10","date_gmt":"2013-10-15T01:35:10","guid":{"rendered":"http:\/\/anprotec.org.br\/site\/?p=4311"},"modified":"2013-10-14T23:26:54","modified_gmt":"2013-10-15T02:26:54","slug":"minicurso-aborda-regioes-inteligentes","status":"publish","type":"post","link":"https:\/\/anprotec.org.br\/site\/2013\/10\/minicurso-aborda-regioes-inteligentes\/","title":{"rendered":"<!--:pt-->Minicurso aborda regi\u00f5es inteligentes<!--:-->"},"content":{"rendered":"<p><!--:pt--><\/p>\n<p style=\"text-align: justify;\"><img decoding=\"async\" loading=\"lazy\" class=\"alignleft size-thumbnail wp-image-4312\" alt=\"\" src=\"https:\/\/anprotec.org.br\/site\/wp-content\/uploads\/2013\/10\/Eduardo-Moreira-da-Costa_Daniela-Nader_Divulga\u00e7\u00e3o-270x160.jpg\" width=\"270\" height=\"160\" \/>Com sala completamente lotada, o minicurso &#8220;Como transformar seu parque em uma regi\u00e3o inteligente&#8221;, ministrado por Eduardo Costa (foto) na tarde de hoje, 14 de outubro, discutiu conceitos relacionados a cidades inteligentes e seu impacto sobre parques tecnol\u00f3gicos. Costa \u00e9 diretor geral do \u00c1goraLab (<i>International Multi-Institutional Laboratory for the production and sharing of knowledge about human smart cities<\/i>) e consultor independente.<\/p>\n<p style=\"text-align: justify;\">Segundo ele, a maioria dos parques tecnol\u00f3gicos em opera\u00e7\u00e3o no pa\u00eds foi desenvolvida com base na separa\u00e7\u00e3o espacial das fun\u00e7\u00f5es de moradia, lazer e trabalho \u2013 uma constante nas cidades brasileiras. &#8220;Com a crise urbana provocada pelo excesso de ve\u00edculos, esse modelo precisa ser revisto&#8221;, disse.\u00a0 Para isso, Costa prop\u00f5e a utiliza\u00e7\u00e3o dos princ\u00edpios das \u201cCidades (ou regi\u00f5es) Humanas e Inteligentes\u201d (CHI).\u00a0 &#8220;A ideia \u00e9 que a cidade seja planejada como um conjunto de regi\u00f5es onde todas as fun\u00e7\u00f5es b\u00e1sicas da vida dos cidad\u00e3os podem potencialmente ser realizadas numa regi\u00e3o pequena, em que as pessoas possam se deslocar para qualquer lugar em menos de meia hora&#8221;, destacou.<\/p>\n<p style=\"text-align: justify;\">O curso indicou como aplicar esses conceitos ao parque tecnol\u00f3gico, transformando-o em uma regi\u00e3o inteligente. &#8220;O parque deve ser o embri\u00e3o da transforma\u00e7\u00e3o de toda a cidade&#8221;, afirmou Costa.<\/p>\n<p style=\"text-align: justify;\"><em>*Foto: Daniela Nader\/Divulga\u00e7\u00e3o<\/em><\/p>\n<p><!--:--><\/p>\n","protected":false},"excerpt":{"rendered":"<p><!--:pt-->O diretor geral do \u00c1goraLab foi respons\u00e1vel por ministrar a discuss\u00e3o. O curso indicou como aplicar alguns conceitos aos parques tecnol\u00f3gicos, para transform\u00e1-los em regi\u00f5es inteligentes.<!--:--><\/p>\n","protected":false},"author":8,"featured_media":4312,"comment_status":"open","ping_status":"open","sticky":false,"template":"","format":"standard","meta":{"footnotes":"","_links_to":"","_links_to_target":""},"categories":[3],"tags":[],"calendar":[],"_links":{"self":[{"href":"https:\/\/anprotec.org.br\/site\/wp-json\/wp\/v2\/posts\/4311"}],"collection":[{"href":"https:\/\/anprotec.org.br\/site\/wp-json\/wp\/v2\/posts"}],"about":[{"href":"https:\/\/anprotec.org.br\/site\/wp-json\/wp\/v2\/types\/post"}],"author":[{"embeddable":true,"href":"https:\/\/anprotec.org.br\/site\/wp-json\/wp\/v2\/users\/8"}],"replies":[{"embeddable":true,"href":"https:\/\/anprotec.org.br\/site\/wp-json\/wp\/v2\/comments?post=4311"}],"version-history":[{"count":2,"href":"https:\/\/anprotec.org.br\/site\/wp-json\/wp\/v2\/posts\/4311\/revisions"}],"predecessor-version":[{"id":4331,"href":"https:\/\/anprotec.org.br\/site\/wp-json\/wp\/v2\/posts\/4311\/revisions\/4331"}],"wp:featuredmedia":[{"embeddable":true,"href":"https:\/\/anprotec.org.br\/site\/wp-json\/wp\/v2\/media\/4312"}],"wp:attachment":[{"href":"https:\/\/anprotec.org.br\/site\/wp-json\/wp\/v2\/media?parent=4311"}],"wp:term":[{"taxonomy":"category","embeddable":true,"href":"https:\/\/anprotec.org.br\/site\/wp-json\/wp\/v2\/categories?post=4311"},{"taxonomy":"post_tag","embeddable":true,"href":"https:\/\/anprotec.org.br\/site\/wp-json\/wp\/v2\/tags?post=4311"},{"taxonomy":"calendar","embeddable":true,"href":"https:\/\/anprotec.org.br\/site\/wp-json\/wp\/v2\/calendar?post=4311"}],"curies":[{"name":"wp","href":"https:\/\/api.w.org\/{rel}","templated":true}]}}