{"id":4308,"date":"2013-10-14T22:18:09","date_gmt":"2013-10-15T01:18:09","guid":{"rendered":"http:\/\/anprotec.org.br\/site\/?p=4308"},"modified":"2013-10-14T23:13:20","modified_gmt":"2013-10-15T02:13:20","slug":"forum-reune-empresas-graduadas","status":"publish","type":"post","link":"https:\/\/anprotec.org.br\/site\/2013\/10\/forum-reune-empresas-graduadas\/","title":{"rendered":"<!--:pt-->F\u00f3rum re\u00fane empresas graduadas<!--:-->"},"content":{"rendered":"<p><!--:pt--><\/p>\n<p style=\"text-align: justify;\"><img decoding=\"async\" loading=\"lazy\" class=\"alignleft size-thumbnail wp-image-4309\" alt=\"\" src=\"https:\/\/anprotec.org.br\/site\/wp-content\/uploads\/2013\/10\/forumgraduadas_Daniela-Nader_Divulga\u00e7\u00e3o-270x160.jpg\" width=\"270\" height=\"160\" \/>Compartilhar trajet\u00f3rias e identificar as atuais demandas de apoio dos empreendimentos brasileiros egressos de incubadoras de empresas. Esse foi o objetivo do <b>F\u00f3rum das Empresas Graduadas \u2013 Ultrapassando barreiras<\/b>, realizado hoje, entre as atividades pr\u00e9-evento do Semin\u00e1rio Nacional. &#8220;\u00c9 com muita alegria que a Anprotec recebe os representantes das empresas que passaram por incubadoras e hoje est\u00e3o s\u00f3lidas no mercado, o melhor resultado de nosso movimento&#8221;, destacou a superintendente executiva da Anprotec, Sheila Oliveira Pires.<\/p>\n<p style=\"text-align: justify;\">A programa\u00e7\u00e3o iniciou com a mesa redonda <i>Ultrapassando barreiras \u2013 Li\u00e7\u00f5es aprendidas<\/i>, coordenada por Fernando Kreutz, fundador e presidente da FK Biotec, empresa graduada, e conselheiro da Anprotec. &#8220;Voc\u00eas, empres\u00e1rios egressos das incubadoras nos ajudar\u00e3o a identificar os fatores que constr\u00f3em uma empresa de sucesso, indicando os principais desafios relacionados a empreender e inovar&#8221;, afirmou o gerente da Unidade de Acesso \u00e0 Inova\u00e7\u00e3o e Tecnologia do Sebrae, \u00canio Duarte Pinto.<\/p>\n<p style=\"text-align: justify;\">Ao longo de todo o dia, empres\u00e1rios de diferentes regi\u00f5es do pa\u00eds compartilharam suas experi\u00eancias e debateram quest\u00f5es relacionadas ao desenvolvimento dos neg\u00f3cios. O segundo painel, chamado <i>Investimento privado e marcado de capitais \u2013 Oportunidades para empresas inovadoras<\/i>, apresentou os diferentes tipos de investidores e dicas de como despertar o interesse deles pela empresa. Al\u00e9m dos depoimentos de empres\u00e1rios o painel contou com apresenta\u00e7\u00f5es de BM&amp;FBOVESPA, DGF Investimentos e Wow Aceleradora.<\/p>\n<p style=\"text-align: justify;\">O terceiro painel foi moderado pelo diretor de inova\u00e7\u00e3o do MDIC, <b>Marcos Vinicius de Souza, <\/b>abordando <i>Internacionaliza\u00e7\u00e3o de Empresas<\/i>, com depoimentos de tr\u00eas empreendedores que tiveram sucesso ao vender seus produtos e servi\u00e7os no exterior.<\/p>\n<p style=\"text-align: justify;\"><i><\/i><b>Avalia\u00e7\u00e3o<\/b><\/p>\n<p style=\"text-align: justify;\">Para Fernando Kreutz, empreendedor que coordenou o F\u00f3rum, as discuss\u00f5es do evento confirmaram que \u00e9 preciso avan\u00e7ar na gera\u00e7\u00e3o de condi\u00e7\u00f5es mais favor\u00e1veis ao desenvolvimento dos neg\u00f3cios. &#8220;O que chama a aten\u00e7\u00e3o \u00e9 o questionamento de nossa capacidade de reter empresas de alta tecnologia nascidas nas incubadoras, pois constatamos que v\u00e1rias est\u00e3o saindo do Brasil para se instalar em outros pa\u00edses, em busca de melhores condi\u00e7\u00f5es de competitividade&#8221;, concluiu.<\/p>\n<p style=\"text-align: justify;\"><em>*Foto:\u00a0Daniela Nader\/Divulga\u00e7\u00e3o<\/em><\/p>\n<p><!--:--><\/p>\n","protected":false},"excerpt":{"rendered":"<p><!--:pt-->Compartilhar trajet\u00f3rias e identificar atuais demandas de apoio dos empreendimentos graduados. Esse foi o objetivo do F\u00f3rum, realizado entre as atividades pr\u00e9-evento do Semin\u00e1rio Nacional.<!--:--><\/p>\n","protected":false},"author":8,"featured_media":4309,"comment_status":"open","ping_status":"open","sticky":false,"template":"","format":"standard","meta":{"footnotes":"","_links_to":"","_links_to_target":""},"categories":[3],"tags":[],"calendar":[],"_links":{"self":[{"href":"https:\/\/anprotec.org.br\/site\/wp-json\/wp\/v2\/posts\/4308"}],"collection":[{"href":"https:\/\/anprotec.org.br\/site\/wp-json\/wp\/v2\/posts"}],"about":[{"href":"https:\/\/anprotec.org.br\/site\/wp-json\/wp\/v2\/types\/post"}],"author":[{"embeddable":true,"href":"https:\/\/anprotec.org.br\/site\/wp-json\/wp\/v2\/users\/8"}],"replies":[{"embeddable":true,"href":"https:\/\/anprotec.org.br\/site\/wp-json\/wp\/v2\/comments?post=4308"}],"version-history":[{"count":4,"href":"https:\/\/anprotec.org.br\/site\/wp-json\/wp\/v2\/posts\/4308\/revisions"}],"predecessor-version":[{"id":4323,"href":"https:\/\/anprotec.org.br\/site\/wp-json\/wp\/v2\/posts\/4308\/revisions\/4323"}],"wp:featuredmedia":[{"embeddable":true,"href":"https:\/\/anprotec.org.br\/site\/wp-json\/wp\/v2\/media\/4309"}],"wp:attachment":[{"href":"https:\/\/anprotec.org.br\/site\/wp-json\/wp\/v2\/media?parent=4308"}],"wp:term":[{"taxonomy":"category","embeddable":true,"href":"https:\/\/anprotec.org.br\/site\/wp-json\/wp\/v2\/categories?post=4308"},{"taxonomy":"post_tag","embeddable":true,"href":"https:\/\/anprotec.org.br\/site\/wp-json\/wp\/v2\/tags?post=4308"},{"taxonomy":"calendar","embeddable":true,"href":"https:\/\/anprotec.org.br\/site\/wp-json\/wp\/v2\/calendar?post=4308"}],"curies":[{"name":"wp","href":"https:\/\/api.w.org\/{rel}","templated":true}]}}