{"id":4297,"date":"2013-10-14T21:49:56","date_gmt":"2013-10-15T00:49:56","guid":{"rendered":"http:\/\/anprotec.org.br\/site\/?p=4297"},"modified":"2013-10-16T13:15:38","modified_gmt":"2013-10-16T16:15:38","slug":"forum-apresenta-os-desafios-para-incubadoras-de-empresas","status":"publish","type":"post","link":"https:\/\/anprotec.org.br\/site\/2013\/10\/forum-apresenta-os-desafios-para-incubadoras-de-empresas\/","title":{"rendered":"<!--:pt-->F\u00f3rum apresenta os desafios das incubadoras<!--:--><!--:en-->F\u00f3rum apresenta os desafios das incubadoras<!--:-->"},"content":{"rendered":"<p><!--:pt--><\/p>\n<p style=\"text-align: justify;\"><img decoding=\"async\" loading=\"lazy\" class=\"alignleft size-thumbnail wp-image-4338\" alt=\"10279264305_7ccce0a491\" src=\"https:\/\/anprotec.org.br\/site\/wp-content\/uploads\/2013\/10\/10279264305_7ccce0a491-270x160.jpg\" width=\"270\" height=\"160\" \/>Palestrantes do Brasil e exterior apontaram o reduzido n\u00famero de parcerias p\u00fablico-privadas e a falta de\u00a0profissionaliza\u00e7\u00e3o na gest\u00e3o de incubadoras de empresas como\u00a0os maiores desafios para estimular a inova\u00e7\u00e3o. Eles participaram, hoje, do F\u00f3rum Sebrae de Inova\u00e7\u00e3o, em Recife (PE).<\/p>\n<p style=\"text-align: justify;\">&#8220;Em todas as apresenta\u00e7\u00f5es, vemos a import\u00e2ncia do poder de financiamento do estado, seja pelo governo central ou local. S\u00e3o necess\u00e1rios fundos de investimento para viabilizar maiores pr\u00e1ticas inovadoras&#8221;, afirmou Luis Afonso Berm\u00fadez, conselheiro da Anprotec e moderador na discuss\u00e3o dos melhores casos da Europa. Foram apresentadas experi\u00eancias bem-sucedidas na Irlanda, B\u00e9lgica e Holanda, em conceitos como\u00a0<em>spin off industrial<\/em>, em que resultados de P&amp;D de uma empresa podem inspirar o surgimento de novos neg\u00f3cios com foco espec\u00edfico e diferenciado.<\/p>\n<p style=\"text-align: justify;\">O F\u00f3rum Sebrae de Inova\u00e7\u00e3o, que se encerra no fim da tarde desta quarta, apresenta as melhores pr\u00e1ticas de incuba\u00e7\u00e3o de empresas no Brasil e na Europa e integra a programa\u00e7\u00e3o do XXIII Semin\u00e1rio Nacional de Parques Tecnol\u00f3gicos e Incubadoras de Empresas e da 30\u00aa Confer\u00eancia Mundial da IASP (International Association of Science Parks and Areas of Innovation), <a href=\"http:\/\/iasp2013brazil.com\/?lang=pt\" target=\"_blank\">evento<\/a> que acontece at\u00e9 quinta-feira (17), no <a href=\"http:\/\/www.portodigital.org\/\" target=\"_blank\">Porto Digital<\/a> de Recife.<\/p>\n<p style=\"text-align: justify;\">O diretor-t\u00e9cnico do\u00a0<a href=\"http:\/\/www.sebrae.com.br\/\" target=\"_self\">Sebrae<\/a>, Carlos Alberto dos Santos (na foto, com \u00a0Jos\u00e9 Eduardo Fiates, da Anprotec), destacou a import\u00e2ncia da inovac\u00e3o nas a\u00e7\u00f5es da institui\u00e7\u00e3o. &#8220;O foco do trabalho do Sebrae continua sendo o de melhorar a gest\u00e3o de pequenos neg\u00f3cios. Mas, nos \u00faltimos dez anos, cada vez mais verifica-se a necessidade de colocar a inova\u00e7\u00e3o no centro da agenda para estimular a diferencia\u00e7\u00e3o das empresas e torn\u00e1-las mais competitivas&#8221;, disse.<\/p>\n<p style=\"text-align: justify;\">O potencial das incubadoras, movimento iniciado no Brasil na d\u00e9cada de 1980, \u00e9 traduzido em n\u00fameros. As 384 incubadoras de empresas que existem no pa\u00eds s\u00e3o respons\u00e1veis por mais de 2,5 mil empreendimentos graduados, ou seja, que j\u00e1 sa\u00edram do ambiente de incuba\u00e7\u00e3o e se estabeleceram no mercado. Eles faturam R$ 4,1 bilh\u00f5es por ano e empregam quase 30 mil pessoas. As atuais 2.060 empresas incubadas tem faturamento de aproximadamente R$ 533 milh\u00f5es e possuem mais de 16 mil postos de trabalho.<\/p>\n<p style=\"text-align: justify;\">Dimas Fonseca, gestor da <a href=\"http:\/\/incevs.fuvs.br\/index_incevs_1.asp\" target=\"_blank\">incubadora de empresas da Universidade de Vale do Sapuca\u00ed<\/a>, de Pouso Alegre (MG), ressaltou a necessidade de discuss\u00f5es como as que foram promovidas no F\u00f3rum. &#8220;\u00c9 interessante observar que os participantes de outros pa\u00edses falam das mesmas dificuldades. O que falta para impulsionar o movimento \u00e9 a determina\u00e7\u00e3o e a criatividade do gestor, que precisa trabalhar em rede e realmente ter uma estrat\u00e9gia mais ampla, como um administrador de territ\u00f3rio&#8221;.<\/p>\n<p style=\"text-align: justify;\"><em>*Por\u00a0Debora Cronemberger, da Ag\u00eancia Sebrae de Not\u00edcias. Foto:\u00a0Cristiana Dias<\/em><\/p>\n<p><!--:--><\/p>\n","protected":false},"excerpt":{"rendered":"<p><!--:pt-->Evento promovido pelo Sebrae debate iniciativas para estimular a inova\u00e7\u00e3o, como a parceria p\u00fablico-privada. A atividade fez parte da programa\u00e7\u00e3o da pr\u00e9-confer\u00eancia da Anprotec.<!--:--><\/p>\n","protected":false},"author":8,"featured_media":4338,"comment_status":"open","ping_status":"open","sticky":false,"template":"","format":"standard","meta":{"footnotes":"","_links_to":"","_links_to_target":""},"categories":[3],"tags":[],"calendar":[],"_links":{"self":[{"href":"https:\/\/anprotec.org.br\/site\/wp-json\/wp\/v2\/posts\/4297"}],"collection":[{"href":"https:\/\/anprotec.org.br\/site\/wp-json\/wp\/v2\/posts"}],"about":[{"href":"https:\/\/anprotec.org.br\/site\/wp-json\/wp\/v2\/types\/post"}],"author":[{"embeddable":true,"href":"https:\/\/anprotec.org.br\/site\/wp-json\/wp\/v2\/users\/8"}],"replies":[{"embeddable":true,"href":"https:\/\/anprotec.org.br\/site\/wp-json\/wp\/v2\/comments?post=4297"}],"version-history":[{"count":11,"href":"https:\/\/anprotec.org.br\/site\/wp-json\/wp\/v2\/posts\/4297\/revisions"}],"predecessor-version":[{"id":4305,"href":"https:\/\/anprotec.org.br\/site\/wp-json\/wp\/v2\/posts\/4297\/revisions\/4305"}],"wp:featuredmedia":[{"embeddable":true,"href":"https:\/\/anprotec.org.br\/site\/wp-json\/wp\/v2\/media\/4338"}],"wp:attachment":[{"href":"https:\/\/anprotec.org.br\/site\/wp-json\/wp\/v2\/media?parent=4297"}],"wp:term":[{"taxonomy":"category","embeddable":true,"href":"https:\/\/anprotec.org.br\/site\/wp-json\/wp\/v2\/categories?post=4297"},{"taxonomy":"post_tag","embeddable":true,"href":"https:\/\/anprotec.org.br\/site\/wp-json\/wp\/v2\/tags?post=4297"},{"taxonomy":"calendar","embeddable":true,"href":"https:\/\/anprotec.org.br\/site\/wp-json\/wp\/v2\/calendar?post=4297"}],"curies":[{"name":"wp","href":"https:\/\/api.w.org\/{rel}","templated":true}]}}