{"id":42934,"date":"2022-08-23T09:31:48","date_gmt":"2022-08-23T12:31:48","guid":{"rendered":"https:\/\/anprotec.org.br\/site\/?p=42934"},"modified":"2025-02-25T13:50:10","modified_gmt":"2025-02-25T16:50:10","slug":"inscricoes-abertas-para-a-9a-conferencia-nacional-da-anjos-do-brasil","status":"publish","type":"post","link":"https:\/\/anprotec.org.br\/site\/2022\/08\/inscricoes-abertas-para-a-9a-conferencia-nacional-da-anjos-do-brasil\/","title":{"rendered":"Inscri\u00e7\u00f5es abertas para a 9\u00aa Confer\u00eancia Nacional da Anjos do Brasil"},"content":{"rendered":"<p><img decoding=\"async\" loading=\"lazy\" class=\"size-full wp-image-42935 aligncenter\" src=\"https:\/\/anprotec.org.br\/site\/wp-content\/uploads\/2022\/08\/Arte-ANPROTEC-Instagram.png\" alt=\"\" width=\"1080\" height=\"1080\" srcset=\"https:\/\/anprotec.org.br\/site\/wp-content\/uploads\/2022\/08\/Arte-ANPROTEC-Instagram.png 1080w, https:\/\/anprotec.org.br\/site\/wp-content\/uploads\/2022\/08\/Arte-ANPROTEC-Instagram-300x300.png 300w, https:\/\/anprotec.org.br\/site\/wp-content\/uploads\/2022\/08\/Arte-ANPROTEC-Instagram-1024x1024.png 1024w, https:\/\/anprotec.org.br\/site\/wp-content\/uploads\/2022\/08\/Arte-ANPROTEC-Instagram-768x768.png 768w, https:\/\/anprotec.org.br\/site\/wp-content\/uploads\/2022\/08\/Arte-ANPROTEC-Instagram-146x146.png 146w, https:\/\/anprotec.org.br\/site\/wp-content\/uploads\/2022\/08\/Arte-ANPROTEC-Instagram-50x50.png 50w, https:\/\/anprotec.org.br\/site\/wp-content\/uploads\/2022\/08\/Arte-ANPROTEC-Instagram-75x75.png 75w, https:\/\/anprotec.org.br\/site\/wp-content\/uploads\/2022\/08\/Arte-ANPROTEC-Instagram-85x85.png 85w, https:\/\/anprotec.org.br\/site\/wp-content\/uploads\/2022\/08\/Arte-ANPROTEC-Instagram-80x80.png 80w\" sizes=\"(max-width: 1080px) 100vw, 1080px\" \/><\/p>\n<p><span style=\"font-weight: 400\">\u00c9 com grande entusiasmo que a Anprotec apoiar\u00e1 a 9\u00aa. edi\u00e7\u00e3o da Confer\u00eancia Nacional da <\/span><b>@AnjosdoBrasil<\/b><span style=\"font-weight: 400\">! <\/span><\/p>\n<p><span style=\"font-weight: 400\">S<\/span><span style=\"font-weight: 400\">er\u00e1 em 31 de outubro de 2022 no SENAC \u2013 Santo Amaro em S\u00e3o Paulo. Aproveite a oportunidade de participar de um evento de conex\u00e3o entre investidores e empreendedores que vai abordar cases e exemplos pr\u00e1ticos que proporcionar\u00e3o aos participantes um entendimento profundo do que \u00e9 empreender com impacto e inova\u00e7\u00e3o e do diferencial que \u00e9 obter investimento anjo.<\/span><\/p>\n<p><span style=\"font-weight: 400\">Garanta seu ingresso atrav\u00e9s do link: <\/span><a href=\"https:\/\/conferencia.anjosdobrasil.net\/\"><span style=\"font-weight: 400\">https:\/\/conferencia.anjosdobrasil.net\/<\/span><\/a><\/p>\n","protected":false},"excerpt":{"rendered":"<p>\u00c9 com grande entusiasmo que a Anprotec apoiar\u00e1 a 9\u00aa.<span class=\"excerpt-hellip\"> [\u2026]<\/span><\/p>\n","protected":false},"author":8,"featured_media":42936,"comment_status":"closed","ping_status":"closed","sticky":false,"template":"","format":"standard","meta":{"footnotes":"","_links_to":"","_links_to_target":""},"categories":[3,383],"tags":[],"calendar":[],"_links":{"self":[{"href":"https:\/\/anprotec.org.br\/site\/wp-json\/wp\/v2\/posts\/42934"}],"collection":[{"href":"https:\/\/anprotec.org.br\/site\/wp-json\/wp\/v2\/posts"}],"about":[{"href":"https:\/\/anprotec.org.br\/site\/wp-json\/wp\/v2\/types\/post"}],"author":[{"embeddable":true,"href":"https:\/\/anprotec.org.br\/site\/wp-json\/wp\/v2\/users\/8"}],"replies":[{"embeddable":true,"href":"https:\/\/anprotec.org.br\/site\/wp-json\/wp\/v2\/comments?post=42934"}],"version-history":[{"count":1,"href":"https:\/\/anprotec.org.br\/site\/wp-json\/wp\/v2\/posts\/42934\/revisions"}],"predecessor-version":[{"id":42937,"href":"https:\/\/anprotec.org.br\/site\/wp-json\/wp\/v2\/posts\/42934\/revisions\/42937"}],"wp:featuredmedia":[{"embeddable":true,"href":"https:\/\/anprotec.org.br\/site\/wp-json\/wp\/v2\/media\/42936"}],"wp:attachment":[{"href":"https:\/\/anprotec.org.br\/site\/wp-json\/wp\/v2\/media?parent=42934"}],"wp:term":[{"taxonomy":"category","embeddable":true,"href":"https:\/\/anprotec.org.br\/site\/wp-json\/wp\/v2\/categories?post=42934"},{"taxonomy":"post_tag","embeddable":true,"href":"https:\/\/anprotec.org.br\/site\/wp-json\/wp\/v2\/tags?post=42934"},{"taxonomy":"calendar","embeddable":true,"href":"https:\/\/anprotec.org.br\/site\/wp-json\/wp\/v2\/calendar?post=42934"}],"curies":[{"name":"wp","href":"https:\/\/api.w.org\/{rel}","templated":true}]}}