{"id":42852,"date":"2022-07-07T10:36:41","date_gmt":"2022-07-07T13:36:41","guid":{"rendered":"https:\/\/anprotec.org.br\/site\/?p=42852"},"modified":"2025-02-25T13:22:35","modified_gmt":"2025-02-25T16:22:35","slug":"o-tema-da-32a-conferencia-anprotec-ja-esta-definido","status":"publish","type":"post","link":"https:\/\/anprotec.org.br\/site\/2022\/07\/o-tema-da-32a-conferencia-anprotec-ja-esta-definido\/","title":{"rendered":"O tema da 32\u00aa Confer\u00eancia Anprotec j\u00e1 est\u00e1 definido"},"content":{"rendered":"<p><img decoding=\"async\" loading=\"lazy\" class=\"size-full wp-image-42853 aligncenter\" src=\"https:\/\/anprotec.org.br\/site\/wp-content\/uploads\/2022\/08\/Card_200-anos-de-independencia-2.png\" alt=\"\" width=\"1080\" height=\"1080\" srcset=\"https:\/\/anprotec.org.br\/site\/wp-content\/uploads\/2022\/08\/Card_200-anos-de-independencia-2.png 1080w, https:\/\/anprotec.org.br\/site\/wp-content\/uploads\/2022\/08\/Card_200-anos-de-independencia-2-300x300.png 300w, https:\/\/anprotec.org.br\/site\/wp-content\/uploads\/2022\/08\/Card_200-anos-de-independencia-2-1024x1024.png 1024w, https:\/\/anprotec.org.br\/site\/wp-content\/uploads\/2022\/08\/Card_200-anos-de-independencia-2-768x768.png 768w, https:\/\/anprotec.org.br\/site\/wp-content\/uploads\/2022\/08\/Card_200-anos-de-independencia-2-146x146.png 146w, https:\/\/anprotec.org.br\/site\/wp-content\/uploads\/2022\/08\/Card_200-anos-de-independencia-2-50x50.png 50w, https:\/\/anprotec.org.br\/site\/wp-content\/uploads\/2022\/08\/Card_200-anos-de-independencia-2-75x75.png 75w, https:\/\/anprotec.org.br\/site\/wp-content\/uploads\/2022\/08\/Card_200-anos-de-independencia-2-85x85.png 85w, https:\/\/anprotec.org.br\/site\/wp-content\/uploads\/2022\/08\/Card_200-anos-de-independencia-2-80x80.png 80w\" sizes=\"(max-width: 1080px) 100vw, 1080px\" \/><br \/>\n&#8220;200 Anos de Independ\u00eancia: Inova\u00e7\u00e3o e Tecnologia no Brasil&#8221; ser\u00e1 o tema central do nosso encontro. Ser\u00e3o 3 dias de muito conte\u00fado, conex\u00f5es e networking na maravilhosa cidade de Salvador, na Bahia.<\/p>\n<p>A Confer\u00eancia Anprotec acontecer\u00e1 de 5 a 7 de dezembro, no Centro de Conven\u00e7\u00f5es de Salvador.<\/p>\n<p>Em breve teremos mais not\u00edcias. Fique de olho!<\/p>\n","protected":false},"excerpt":{"rendered":"<p>&#8220;200 Anos de Independ\u00eancia: Inova\u00e7\u00e3o e Tecnologia no Brasil&#8221; ser\u00e1<span class=\"excerpt-hellip\"> [\u2026]<\/span><\/p>\n","protected":false},"author":8,"featured_media":42854,"comment_status":"closed","ping_status":"closed","sticky":false,"template":"","format":"standard","meta":{"footnotes":"","_links_to":"","_links_to_target":""},"categories":[411,3],"tags":[],"calendar":[],"_links":{"self":[{"href":"https:\/\/anprotec.org.br\/site\/wp-json\/wp\/v2\/posts\/42852"}],"collection":[{"href":"https:\/\/anprotec.org.br\/site\/wp-json\/wp\/v2\/posts"}],"about":[{"href":"https:\/\/anprotec.org.br\/site\/wp-json\/wp\/v2\/types\/post"}],"author":[{"embeddable":true,"href":"https:\/\/anprotec.org.br\/site\/wp-json\/wp\/v2\/users\/8"}],"replies":[{"embeddable":true,"href":"https:\/\/anprotec.org.br\/site\/wp-json\/wp\/v2\/comments?post=42852"}],"version-history":[{"count":2,"href":"https:\/\/anprotec.org.br\/site\/wp-json\/wp\/v2\/posts\/42852\/revisions"}],"predecessor-version":[{"id":42856,"href":"https:\/\/anprotec.org.br\/site\/wp-json\/wp\/v2\/posts\/42852\/revisions\/42856"}],"wp:featuredmedia":[{"embeddable":true,"href":"https:\/\/anprotec.org.br\/site\/wp-json\/wp\/v2\/media\/42854"}],"wp:attachment":[{"href":"https:\/\/anprotec.org.br\/site\/wp-json\/wp\/v2\/media?parent=42852"}],"wp:term":[{"taxonomy":"category","embeddable":true,"href":"https:\/\/anprotec.org.br\/site\/wp-json\/wp\/v2\/categories?post=42852"},{"taxonomy":"post_tag","embeddable":true,"href":"https:\/\/anprotec.org.br\/site\/wp-json\/wp\/v2\/tags?post=42852"},{"taxonomy":"calendar","embeddable":true,"href":"https:\/\/anprotec.org.br\/site\/wp-json\/wp\/v2\/calendar?post=42852"}],"curies":[{"name":"wp","href":"https:\/\/api.w.org\/{rel}","templated":true}]}}