{"id":42827,"date":"2022-08-10T10:12:22","date_gmt":"2022-08-10T13:12:22","guid":{"rendered":"https:\/\/anprotec.org.br\/site\/?p=42827"},"modified":"2025-02-25T13:59:42","modified_gmt":"2025-02-25T16:59:42","slug":"mcti-e-cnpq-publicam-chamada-publica-de-r31-milhoes-para-area-de-biotecnologia","status":"publish","type":"post","link":"https:\/\/anprotec.org.br\/site\/2022\/08\/mcti-e-cnpq-publicam-chamada-publica-de-r31-milhoes-para-area-de-biotecnologia\/","title":{"rendered":"MCTI e CNPq publicam chamada p\u00fablica de R$31 milh\u00f5es para \u00e1rea de biotecnologia"},"content":{"rendered":"<div class=\"documentDescription\"><img decoding=\"async\" loading=\"lazy\" class=\"size-full wp-image-42830 aligncenter\" src=\"https:\/\/anprotec.org.br\/site\/wp-content\/uploads\/2022\/08\/2-1.jpeg\" alt=\"\" width=\"768\" height=\"768\" srcset=\"https:\/\/anprotec.org.br\/site\/wp-content\/uploads\/2022\/08\/2-1.jpeg 768w, https:\/\/anprotec.org.br\/site\/wp-content\/uploads\/2022\/08\/2-1-300x300.jpeg 300w, https:\/\/anprotec.org.br\/site\/wp-content\/uploads\/2022\/08\/2-1-146x146.jpeg 146w, https:\/\/anprotec.org.br\/site\/wp-content\/uploads\/2022\/08\/2-1-50x50.jpeg 50w, https:\/\/anprotec.org.br\/site\/wp-content\/uploads\/2022\/08\/2-1-75x75.jpeg 75w, https:\/\/anprotec.org.br\/site\/wp-content\/uploads\/2022\/08\/2-1-85x85.jpeg 85w, https:\/\/anprotec.org.br\/site\/wp-content\/uploads\/2022\/08\/2-1-80x80.jpeg 80w\" sizes=\"(max-width: 768px) 100vw, 768px\" \/>Projetos de pesquisa, desenvolvimento e inova\u00e7\u00e3o devem ser aplicados aos temas atuais de sa\u00fade humana, agropecu\u00e1ria, meio ambiente e ind\u00fastria; submiss\u00e3o de propostas vai at\u00e9 5 de setembro<\/div>\n<div id=\"viewlet-above-content-body\">\n<p>O\u00a0Minist\u00e9rio da Ci\u00eancia, Tecnologia e Inova\u00e7\u00f5es (MCTI), por meio do Conselho Nacional de Desenvolvimento Cient\u00edfico e Tecnol\u00f3gico (CNPq), publicou nesta sexta-feira (5) a \u2018Chamada MCTI\/CNPq\/CT-Biotec n\u00ba 31\/2022 \u2013 Apoio a projetos de Pesquisa, Desenvolvimento e Inova\u00e7\u00e3o (P,D&amp;I) voltadas \u00e0 Biotecnologia e aplicados aos temas atuais de sa\u00fade humana, agropecu\u00e1ria, meio ambiente e ind\u00fastria. As propostas de projetos dever\u00e3o ser submetidas at\u00e9 5 de setembro de 2022.<\/p>\n<p>O valor global do edital \u00e9 de R$31 milh\u00f5es. Os recursos s\u00e3o do Fundo Setorial de Biotecnologia do Fundo Nacional de Desenvolvimento Cient\u00edfico e Tecnol\u00f3gico (FNDCT).<\/p>\n<p>A chamada tem por objetivo contribuir para o avan\u00e7o do conhecimento cient\u00edfico e tecnol\u00f3gico e inova\u00e7\u00e3o na \u00e1rea de biotecnologia, al\u00e9m de apoiar a consolida\u00e7\u00e3o de grupos de pesquisa nacionais e favorecer a gera\u00e7\u00e3o de solu\u00e7\u00f5es tecnol\u00f3gicas e inovadoras que possam trazer benef\u00edcios para a economia, meio ambiente e sociedade brasileira.<\/p>\n<p>Entre os requisitos do edital, est\u00e1 a prioriza\u00e7\u00e3o de projetos em rede. O valor m\u00e1ximo de financiamento para cada projeto estruturado em rede \u00e9 de R$1,75 milh\u00f5es.<\/p>\n<p>Como o nome da chamada indica, o edital abrange quatro \u00e1reas a biotecnologia: sa\u00fade, agropecu\u00e1ria, ambiental e marinha, e industrial. Veja a seguir os temas de pesquisa e os recursos previstos para cada linha.<\/p>\n<p>Para a \u00e1rea de biotecnologia em sa\u00fade os recursos estimados s\u00e3o de R$9 milh\u00f5es. O edital estabelece os seguintes temas de pesquisa dos projetos: desenvolvimento de novos biof\u00e1rmacos (prote\u00ednas terap\u00eauticas) e imunobiol\u00f3gicos;\u00a0 desenvolvimento e valida\u00e7\u00e3o de kits diagn\u00f3sticos r\u00e1pido realizado no ponto de atendimento (point of care) para doen\u00e7as de grande relev\u00e2ncia para o Sistema \u00danico de Sa\u00fade (SUS); tratamentos para doen\u00e7as infectocontagiosas com plataformas de terapias utilizando RNA; imunoterapia do c\u00e2ncer, com plataformas de terapias utilizando RNA; e pesquisa translacional: escalonamento para produ\u00e7\u00e3o de lotes piloto de produtos biol\u00f3gicos para sa\u00fade humana.<\/p>\n<p>Para a \u00e1rea de agropecu\u00e1ria, os recursos estimados s\u00e3o de R$8 milh\u00f5es. O edital prioriza os temas de biorreatores (animal ou vegetal) para a produ\u00e7\u00e3o de bioprodutos terap\u00eauticos para sa\u00fade animal; novas tecnologias em melhoramento gen\u00e9tico vegetal; novas tecnologias em melhoramento gen\u00e9tico animal; e Pesquisa translacional: escalonamento para produ\u00e7\u00e3o de lotes piloto de produtos biol\u00f3gicos de interesse agropecu\u00e1rio (enzimas, prote\u00ednas, insumosagr\u00edcolas, etc).<\/p>\n<p>Na biotecnologia ambiental e marinha est\u00e3o previstos R$7 milh\u00f5es. Os temas abordados s\u00e3o biotratamento (biorreatores e\/ou bioprocessos) de res\u00edduos do setor industrial,agroindustrial e de res\u00edduos do setor dom\u00e9stico (esgotos); Utiliza\u00e7\u00e3o de ferramentas biotecnol\u00f3gicas para bioprospec\u00e7\u00e3o da biodiversidade para o desenvolvimento de bioprodutos de interesse nacional e dentro dos crit\u00e9rios de sustentabilidade; Biotecnologias inovadoras que promovam a recupera\u00e7\u00e3o ambiental; e Biotecnologia Marinha com foco em recupera\u00e7\u00e3o ambiental e de \u00e1reas degradadas.<\/p>\n<p>Na biotecnologia industrial est\u00e3o contemplados aplica\u00e7\u00e3o em biorrefinarias e desenvolvimento de biocombust\u00edveis de segunda e terceira gera\u00e7\u00e3o.<\/p>\n<p>Acesse a Chamada P\u00fablica na \u00edntegra\u00a0<a class=\"external-link\" title=\"\" href=\"http:\/\/memoria2.cnpq.br\/web\/guest\/chamadas-publicas?p_p_id=resultadosportlet_WAR_resultadoscnpqportlet_INSTANCE_0ZaM&amp;filtro=abertas&amp;detalha=chamadaDivulgada&amp;idDivulgacao=10930\" target=\"_blank\" rel=\"noopener noreferrer\" data-tippreview-enabled=\"false\" data-tippreview-image=\"\" data-tippreview-title=\"\">neste link<\/a>.<\/p>\n<p>Fonte: <a href=\"https:\/\/www.gov.br\/cnpq\/pt-br\/assuntos\/noticias\/cnpq-em-acao\/mcti-e-cnpq-publicam-chamada-publica-de-r-31-milhoes-para-area-de-biotecnologia\">MCTI<\/a><\/p>\n<\/div>\n","protected":false},"excerpt":{"rendered":"<p>Projetos de pesquisa, desenvolvimento e inova\u00e7\u00e3o devem ser aplicados aos<span class=\"excerpt-hellip\"> [\u2026]<\/span><\/p>\n","protected":false},"author":8,"featured_media":42829,"comment_status":"closed","ping_status":"closed","sticky":false,"template":"","format":"standard","meta":{"footnotes":"","_links_to":"","_links_to_target":""},"categories":[3,383],"tags":[],"calendar":[],"_links":{"self":[{"href":"https:\/\/anprotec.org.br\/site\/wp-json\/wp\/v2\/posts\/42827"}],"collection":[{"href":"https:\/\/anprotec.org.br\/site\/wp-json\/wp\/v2\/posts"}],"about":[{"href":"https:\/\/anprotec.org.br\/site\/wp-json\/wp\/v2\/types\/post"}],"author":[{"embeddable":true,"href":"https:\/\/anprotec.org.br\/site\/wp-json\/wp\/v2\/users\/8"}],"replies":[{"embeddable":true,"href":"https:\/\/anprotec.org.br\/site\/wp-json\/wp\/v2\/comments?post=42827"}],"version-history":[{"count":1,"href":"https:\/\/anprotec.org.br\/site\/wp-json\/wp\/v2\/posts\/42827\/revisions"}],"predecessor-version":[{"id":42831,"href":"https:\/\/anprotec.org.br\/site\/wp-json\/wp\/v2\/posts\/42827\/revisions\/42831"}],"wp:featuredmedia":[{"embeddable":true,"href":"https:\/\/anprotec.org.br\/site\/wp-json\/wp\/v2\/media\/42829"}],"wp:attachment":[{"href":"https:\/\/anprotec.org.br\/site\/wp-json\/wp\/v2\/media?parent=42827"}],"wp:term":[{"taxonomy":"category","embeddable":true,"href":"https:\/\/anprotec.org.br\/site\/wp-json\/wp\/v2\/categories?post=42827"},{"taxonomy":"post_tag","embeddable":true,"href":"https:\/\/anprotec.org.br\/site\/wp-json\/wp\/v2\/tags?post=42827"},{"taxonomy":"calendar","embeddable":true,"href":"https:\/\/anprotec.org.br\/site\/wp-json\/wp\/v2\/calendar?post=42827"}],"curies":[{"name":"wp","href":"https:\/\/api.w.org\/{rel}","templated":true}]}}