{"id":42776,"date":"2022-08-03T11:18:05","date_gmt":"2022-08-03T14:18:05","guid":{"rendered":"https:\/\/anprotec.org.br\/site\/?p=42776"},"modified":"2025-02-25T14:15:35","modified_gmt":"2025-02-25T17:15:35","slug":"pesquisadores-transformam-ciencia-em-negocios-inovadores","status":"publish","type":"post","link":"https:\/\/anprotec.org.br\/site\/2022\/08\/pesquisadores-transformam-ciencia-em-negocios-inovadores\/","title":{"rendered":"Pesquisadores transformam ci\u00eancia em neg\u00f3cios inovadores"},"content":{"rendered":"<p><img decoding=\"async\" loading=\"lazy\" class=\"size-full wp-image-42777 alignleft\" src=\"https:\/\/anprotec.org.br\/site\/wp-content\/uploads\/2022\/08\/ASN1.png\" alt=\"\" width=\"370\" height=\"235\" srcset=\"https:\/\/anprotec.org.br\/site\/wp-content\/uploads\/2022\/08\/ASN1.png 370w, https:\/\/anprotec.org.br\/site\/wp-content\/uploads\/2022\/08\/ASN1-300x191.png 300w, https:\/\/anprotec.org.br\/site\/wp-content\/uploads\/2022\/08\/ASN1-230x146.png 230w, https:\/\/anprotec.org.br\/site\/wp-content\/uploads\/2022\/08\/ASN1-50x32.png 50w, https:\/\/anprotec.org.br\/site\/wp-content\/uploads\/2022\/08\/ASN1-118x75.png 118w\" sizes=\"(max-width: 370px) 100vw, 370px\" \/>Conectar pessoas, acelerar o empreendedorismo e promover o ingresso dos pesquisadores cient\u00edficos, mestres e doutores, na jornada de inova\u00e7\u00e3o. Essa \u00e9 a proposta do Catalisa ICT, iniciativa lan\u00e7ada pelo Sebrae em 2020 e que identificou, somente no primeiro ano de atividade, mais de mil pesquisas com potencial de inova\u00e7\u00e3o.<\/p>\n<p>A iniciativa, liderada pelo Sebrae em parceria com o Minist\u00e9rio da Ci\u00eancia, Tecnologia e Inova\u00e7\u00f5es; o Conselho Nacional de Desenvolvimento Cient\u00edfico e Tecnol\u00f3gico (CNPq); o Instituto Nacional da Propriedade Industrial (INPI); a Associa\u00e7\u00e3o Nacional de Entidades Promotoras de Empreendimentos Inovadores (Anprotec) e a Associa\u00e7\u00e3o F\u00f3rum Nacional de Gestores de Inova\u00e7\u00e3o e Transfer\u00eancia de Tecnologia (Fortec), dentre outros, visa promover a conex\u00e3o entre mercado e pesquisas de diversas \u00e1reas para identificar desafios e apresentar as melhores solu\u00e7\u00f5es. O Sebrae e seus parceiros pretendem contribuir para catalisar o conhecimento cient\u00edfico e transform\u00e1-lo em neg\u00f3cios inovadores de base tecnol\u00f3gica que atendam \u00e0s necessidades da popula\u00e7\u00e3o.<\/p>\n<p>Atualmente em sua terceira etapa, o Catalisa ICT conta com 270 equipes em capacita\u00e7\u00e3o e que est\u00e3o recebendo mentorias individuais. S\u00e3o 977 bolsas Sebrae Pesquisador Empreendedor concedidas para que, ao longo de 12 meses, os planos de inova\u00e7\u00e3o desenvolvam uma empresa de base tecnol\u00f3gica ou transfiram a tecnologia.<\/p>\n<p>\u201cO Catalisa ICT foi criado para gerar neg\u00f3cios inovadores de base tecnol\u00f3gica a partir das pesquisas de mestres e doutores. Com ele, o Sebrae promove a aproxima\u00e7\u00e3o entre a academia e o mercado por meio do apoio em gest\u00e3o, mentorias, investimento de recursos financeiros em projetos de inova\u00e7\u00e3o e acesso a investidores\u201d, comenta o presidente do Sebrae, Carlos Melles.<\/p>\n<p>\u201cPara que os pesquisadores possam tirar um produto da bancada de pesquisa e inovar, precisam de conhecimento de mercado e atendimento \u00e0 regulamenta\u00e7\u00e3o, fomento e esp\u00edrito empreendedor para vencer o chamado \u2018vale da morte\u2019, per\u00edodo em que muitas boas ideias acabam morrendo por falta de apoio e orienta\u00e7\u00e3o.\u201d<\/p>\n<p>No pr\u00f3ximo dia 9 de agosto, \u00e0s 16h, o presidente do Sebrae e o presidente do CNPq conversam com os pesquisadores participantes do Catalisa ICT em uma live, que ser\u00e1 transmitida pelo YouTube do Sebrae.<\/p>\n<p><strong>Solu\u00e7\u00f5es de tecnologia<\/strong><\/p>\n<p>A Recombine Biotech \u00e9 umas das empresas participantes. A startup mineira trabalha no desenvolvimento de solu\u00e7\u00f5es baseadas em tecnologia recombinante para sa\u00fade humana e animal. O empreendimento existe desde 2019 e est\u00e1 incubado no TecnoPARQ da Universidade Federal de Vi\u00e7osa.<\/p>\n<p>Em 2020, durante a pandemia, a empresa come\u00e7ou a desenvolver insumos para diagn\u00f3stico de Covid por meio de um edital da Financiadora de Estudos e Projetos (Finep). Em parceria com a Universidade de Vi\u00e7osa, foram criados dois diagn\u00f3sticos: teste de ant\u00edgeno e o teste de IgG\/IgM. \u201cN\u00f3s obtivemos nossos primeiros prot\u00f3tipos, no entanto, ainda precis\u00e1vamos realizar valida\u00e7\u00f5es e otimiza\u00e7\u00f5es dos testes desenvolvidos\u201d, conta a diretora-t\u00e9cnica e cient\u00edfica da empresa, Anna Cl\u00e1udia Alves de Souza.<\/p>\n<p>A empres\u00e1ria viu no Catalisa ICT uma oportunidade de finalizar os diagn\u00f3sticos e avali\u00e1-los como autotestes. A empresa est\u00e1 construindo os prot\u00f3tipos e buscando mais amostras de pacientes para validar e otimizar o projeto. \u201cSem os recursos do Catalisa ICT, teria sido invi\u00e1vel manter a equipe. Al\u00e9m disso, temos a oportunidade de acessar conte\u00fados como desenvolvimento de neg\u00f3cios, marketing, networking, al\u00e9m do selo Sebrae que traz credibilidade\u201d, acrescenta Anna.<\/p>\n<p><strong>N\u00fameros do Catalisa ICT<\/strong><\/p>\n<p>1.000 pesquisas com potencial de inova\u00e7\u00e3o selecionadas em 2020\/2021;<br \/>\n2.800 pesquisadores capacitados em 2021 (etapa Aprender e Estruturar);<br \/>\n42% das pesquisas selecionadas s\u00e3o feitas por mulheres;<br \/>\n270 planos de inova\u00e7\u00e3o fomentados (bolsas e aux\u00edlio) entre 2021 e 2022;<br \/>\n977 bolsas do Sebrae Pesquisador Empreendedor implantadas em 2022;<br \/>\n135 novas empresas de base tecnol\u00f3gica a serem criadas at\u00e9 2023.<br \/>\nPara saber mais sobre o Catalisa ICT, acesse www.sebrae.com.br\/catalisaict<\/p>\n<p>Fonte: <a href=\"https:\/\/agenciasebrae.com.br\/inovacao\/pesquisadores-transformam-ciencia-em-negocios-inovadores\/\">Ag\u00eancia Sebrae de Not\u00edcias<\/a><\/p>\n","protected":false},"excerpt":{"rendered":"<p>Conectar pessoas, acelerar o empreendedorismo e promover o ingresso dos<span class=\"excerpt-hellip\"> [\u2026]<\/span><\/p>\n","protected":false},"author":8,"featured_media":42777,"comment_status":"closed","ping_status":"closed","sticky":false,"template":"","format":"standard","meta":{"footnotes":"","_links_to":"","_links_to_target":""},"categories":[3,414],"tags":[],"calendar":[],"_links":{"self":[{"href":"https:\/\/anprotec.org.br\/site\/wp-json\/wp\/v2\/posts\/42776"}],"collection":[{"href":"https:\/\/anprotec.org.br\/site\/wp-json\/wp\/v2\/posts"}],"about":[{"href":"https:\/\/anprotec.org.br\/site\/wp-json\/wp\/v2\/types\/post"}],"author":[{"embeddable":true,"href":"https:\/\/anprotec.org.br\/site\/wp-json\/wp\/v2\/users\/8"}],"replies":[{"embeddable":true,"href":"https:\/\/anprotec.org.br\/site\/wp-json\/wp\/v2\/comments?post=42776"}],"version-history":[{"count":1,"href":"https:\/\/anprotec.org.br\/site\/wp-json\/wp\/v2\/posts\/42776\/revisions"}],"predecessor-version":[{"id":42778,"href":"https:\/\/anprotec.org.br\/site\/wp-json\/wp\/v2\/posts\/42776\/revisions\/42778"}],"wp:featuredmedia":[{"embeddable":true,"href":"https:\/\/anprotec.org.br\/site\/wp-json\/wp\/v2\/media\/42777"}],"wp:attachment":[{"href":"https:\/\/anprotec.org.br\/site\/wp-json\/wp\/v2\/media?parent=42776"}],"wp:term":[{"taxonomy":"category","embeddable":true,"href":"https:\/\/anprotec.org.br\/site\/wp-json\/wp\/v2\/categories?post=42776"},{"taxonomy":"post_tag","embeddable":true,"href":"https:\/\/anprotec.org.br\/site\/wp-json\/wp\/v2\/tags?post=42776"},{"taxonomy":"calendar","embeddable":true,"href":"https:\/\/anprotec.org.br\/site\/wp-json\/wp\/v2\/calendar?post=42776"}],"curies":[{"name":"wp","href":"https:\/\/api.w.org\/{rel}","templated":true}]}}