{"id":42761,"date":"2022-08-01T11:45:35","date_gmt":"2022-08-01T14:45:35","guid":{"rendered":"https:\/\/anprotec.org.br\/site\/?p=42761"},"modified":"2025-02-25T13:43:42","modified_gmt":"2025-02-25T16:43:42","slug":"pequenos-empresarios-buscam-ambiente-de-inovacao-longe-de-casa","status":"publish","type":"post","link":"https:\/\/anprotec.org.br\/site\/2022\/08\/pequenos-empresarios-buscam-ambiente-de-inovacao-longe-de-casa\/","title":{"rendered":"Pequenos empres\u00e1rios buscam ambiente de inova\u00e7\u00e3o longe de casa"},"content":{"rendered":"<div id=\"attachment_42762\" style=\"width: 380px\" class=\"wp-caption alignleft\"><img aria-describedby=\"caption-attachment-42762\" decoding=\"async\" loading=\"lazy\" class=\"wp-image-42762 size-full\" src=\"https:\/\/anprotec.org.br\/site\/wp-content\/uploads\/2022\/08\/hoome.jpg\" alt=\"\" width=\"370\" height=\"235\" srcset=\"https:\/\/anprotec.org.br\/site\/wp-content\/uploads\/2022\/08\/hoome.jpg 370w, https:\/\/anprotec.org.br\/site\/wp-content\/uploads\/2022\/08\/hoome-300x191.jpg 300w, https:\/\/anprotec.org.br\/site\/wp-content\/uploads\/2022\/08\/hoome-230x146.jpg 230w, https:\/\/anprotec.org.br\/site\/wp-content\/uploads\/2022\/08\/hoome-50x32.jpg 50w, https:\/\/anprotec.org.br\/site\/wp-content\/uploads\/2022\/08\/hoome-118x75.jpg 118w\" sizes=\"(max-width: 370px) 100vw, 370px\" \/><p id=\"caption-attachment-42762\" class=\"wp-caption-text\">Divulga\u00e7\u00e3o \/ Funda\u00e7\u00e3o CERTI<\/p><\/div>\n<p><em>Ecossistemas que agregam v\u00e1rios agentes de apoio aos neg\u00f3cios n\u00e3o s\u00e3o disseminados no pa\u00eds<\/em><\/p>\n<p>Ecossistemas maduros para inova\u00e7\u00e3o nos neg\u00f3cios \u2014<a href=\"https:\/\/www1.folha.uol.com.br\/colunas\/painelsa\/2021\/06\/disruptivo-perde-espaco-no-vocabulariode-startups-e-ecossistema-vira-bola-da-vez.shtml\" data-reader-unique-id=\"2\">ambientes que agregam startups, parques tecnol\u00f3gicos, universidades, \u00f3rg\u00e3os do governo e grandes\u00a0<\/a><a href=\"https:\/\/www1.folha.uol.com.br\/colunas\/painelsa\/2021\/06\/disruptivo-perde-espaco-no-vocabulariode-startups-e-ecossistema-vira-bola-da-vez.shtml\" data-reader-unique-id=\"3\">empresas<\/a>\u2014 se concentram no Sul, no Sudeste e, em menor medida, no Nordeste.<\/p>\n<p data-reader-unique-id=\"4\">Assim, pequenos empres\u00e1rios de Norte e Centro-Oeste recorrem a regi\u00f5es distantes de suas cidades para desenvolver suas empresas.<\/p>\n<p data-reader-unique-id=\"5\">A ideia desses ecossistemas \u00e9 que os<a href=\"https:\/\/www1.folha.uol.com.br\/mercado\/2022\/03\/de-vale-da-rapadura-a-ilha-do-silicio-cidades-competem-por-titulo-de-polo-tecnologico-brasileiro.shtml\" data-reader-unique-id=\"6\">\u00a0agentes apoiem pequenos e m\u00e9dios empres\u00e1rios no crescimento de seus neg\u00f3cios<\/a>. \u00c9 o que acontece, por exemplo, no Vale do Sil\u00edcio, na Calif\u00f3rnia, e em Israel, polos de tecnologia.<\/p>\n<p data-reader-unique-id=\"15\">A qu\u00edmica Sandra Zanotto, 48, \u00e9 uma das pequenas empres\u00e1rias que n\u00e3o encontraram apoio adequado em Manaus para evoluir seu projeto. Em 2016, ela criou a Amazon Doors, empresa que conecta multinacionais a pequenas comunidades para desenvolver\u00a0<a href=\"https:\/\/www1.folha.uol.com.br\/ambiente\/2022\/07\/projetos-ligados-ao-fundo-amazonia-correm-risco-de-ficar-sem-recursos.shtml\" data-reader-unique-id=\"16\">cadeias de produ\u00e7\u00e3o na Amaz\u00f4nia Legal<\/a>. &#8220;Atuamos em regi\u00f5es sem estrada, comunica\u00e7\u00e3o e at\u00e9 energia el\u00e9trica&#8221;, diz.<\/p>\n<p data-reader-unique-id=\"17\">A empresa j\u00e1 prestou servi\u00e7os para Natura, Vale, Pierre Fabre e Ecolab. Sandra foi\u00a0<a href=\"https:\/\/www1.folha.uol.com.br\/mpme\/2019\/04\/universidades-ajudam-aluno-a-transformar-ideia-em-negocio.shtml\" data-reader-unique-id=\"18\">pesquisadora e professora<\/a>\u00a0da UEA (Universidade Estadual do Amazonas) e da UFAM (Universidade Federal do Amazonas) por 20 anos.<\/p>\n<p data-reader-unique-id=\"19\">At\u00e9 2020, por\u00e9m, ela n\u00e3o conseguiu aumentar os ganhos da Amazon Doors, por falta de orienta\u00e7\u00e3o. Ela voltou ent\u00e3o para Santa Catarina (onde nasceu) e buscou ajuda no\u00a0<a href=\"https:\/\/www1.folha.uol.com.br\/mercado\/2022\/03\/de-vale-da-rapadura-a-ilha-do-silicio-cidades-competem-por-titulo-de-polo-tecnologico-brasileiro.shtml\" data-reader-unique-id=\"20\">ecossistema local<\/a>. &#8220;Encontrei orienta\u00e7\u00f5es claras e objetivas que proporcionaram a reestrutura\u00e7\u00e3o do nosso modelo de neg\u00f3cio&#8221;, afirma.<\/p>\n<p data-reader-unique-id=\"22\">Hoje, sob apoio da Funda\u00e7\u00e3o Certi, entidade sem fins lucrativos que opera mecanismos de inova\u00e7\u00e3o em Florian\u00f3polis, ela estuda, no sul do pa\u00eds, novas formas de monetizar o neg\u00f3cio voltado para o norte brasileiro. A mesma discrep\u00e2ncia acontece, por exemplo, no Centro-Oeste, regi\u00e3o marcada pelo agroneg\u00f3cio.<\/p>\n<p data-reader-unique-id=\"31\">Segundo a plataforma Agro Hub Brasil, administrada pelo governo federal, a regi\u00e3o Centro-Oeste tem nove\u00a0<a href=\"https:\/\/www1.folha.uol.com.br\/seminariosfolha\/2018\/03\/avanco-de-agronegocio-ajuda-a-turbinar-industrias-e-startups.shtml\" data-reader-unique-id=\"32\">agentes de inova\u00e7\u00e3o reconhecidos pelo Minist\u00e9rio da Agricultura, Pecu\u00e1ria e Abastecimento<\/a>. Em compara\u00e7\u00e3o, o estado de S\u00e3o Paulo tem 20.<\/p>\n<p data-reader-unique-id=\"33\">Segundo pesquisa da Anprotec (Associa\u00e7\u00e3o Nacional de Entidades Promotoras de Empreendimentos Inovadores), s\u00f3 3,7% dos parques tecnol\u00f3gicos do Brasil est\u00e3o no Norte. O Centro-Oeste tem a mesma porcentagem. Os dados s\u00e3o de 2020.<\/p>\n<p data-reader-unique-id=\"34\">O estudo tamb\u00e9m apontou falta de incubadoras e aceleradoras nas duas regi\u00f5es, em compara\u00e7\u00e3o com as demais \u00e1reas do pa\u00eds. Em outra frente, ranking da Escola Nacional de Administra\u00e7\u00e3o P\u00fablica aponta que a melhor cidade do Norte em inova\u00e7\u00e3o, Porto Velho, \u00e9 apenas a 26\u00aa do pa\u00eds. Do Centro-Oeste, excluindo Bras\u00edlia, a melhor \u00e9 Cuiab\u00e1, 51\u00aa colocada no ranking.<\/p>\n<p data-reader-unique-id=\"35\">O Sebrae, por sua vez, desenvolve ecossistemas em 113 munic\u00edpios de 21 estados. Desses, 85% ainda iniciam a operacionaliza\u00e7\u00e3o e s\u00f3 o de Florian\u00f3polis \u00e9 considerado maduro \u2014o levantamento exclui S\u00e3o Paulo e Rio de Janeiro.<\/p>\n<p data-reader-unique-id=\"44\">Para Danilo Picucci, diretor de ecossistemas da Abstartups (Associa\u00e7\u00e3o Brasileira de Startups), as fases iniciais desses ambientes s\u00e3o as mais dif\u00edceis. &#8220;N\u00e3o falta financiamento direto ao empreendedor. Falta financiar a estrutura de suporte, como incubadoras, aceleradoras e espa\u00e7os para startups se relacionarem.&#8221;<\/p>\n<p data-reader-unique-id=\"45\">Um dos exemplos do financiamento defendido por Piucci acontece em Manaus. L\u00e1, a Certi desenvolveu, em 2019, a Jornada da Amaz\u00f4nia. A iniciativa pretende ampliar os la\u00e7os entre os\u00a0<a href=\"https:\/\/estudio.folha.uol.com.br\/amazonia-importa-natura\/2020\/09\/1988869-com-bioeconomia-amazonia-pode-se-tornar-o-vale-do-silicio-brasileiro.shtml\" data-reader-unique-id=\"46\">agentes de inova\u00e7\u00e3o de cidades amaz\u00f4nicas, considerando neg\u00f3cios bioecon\u00f4micos.<\/a><\/p>\n<p data-reader-unique-id=\"47\">A meta da Certi \u00e9 criar 400 empreendimentos e atrair 40 mil novos pesquisadores e empres\u00e1rios da regi\u00e3o at\u00e9 2026. &#8220;Detectamos quase 2.000 linhas de pesquisas sobre bioeconomia na Amaz\u00f4nia, mas isso n\u00e3o est\u00e1 gerando novos neg\u00f3cios. Faltam talentos que queiram empreender e refletir isso em renda e desenvolvimento&#8221;, aponta Andr\u00e9 Noronha, coordenador de comunica\u00e7\u00e3o da iniciativa.<\/p>\n<p data-reader-unique-id=\"56\">O Nordeste, por sua vez, \u00e9 a terceira regi\u00e3o com melhores ecossistemas, segundo especialistas. O ambiente de Natal, por exemplo, foi finalista no pr\u00eamio da CNI (Confedera\u00e7\u00e3o Nacional da Ind\u00fastria) de melhores ecossistemas de inova\u00e7\u00e3o do Brasil em 2022 \u2013todos os vencedores s\u00e3o do Sul.<\/p>\n<p data-reader-unique-id=\"57\">J\u00e1<a href=\"https:\/\/www1.folha.uol.com.br\/mercado\/2019\/09\/porto-digital-de-recife-nao-consegue-preencher-mil-vagas.shtml\" data-reader-unique-id=\"58\">\u00a0Recife abriga o Porto Digital<\/a>, um dos maiores ambientes brasileiros de inova\u00e7\u00e3o. Para Rosana Jamal, diretora de empresas da Anprotec, a cidade soube explorar a excel\u00eancia em computa\u00e7\u00e3o da UFPE (Universidade Federal de Pernambuco). &#8220;\u00c9 dif\u00edcil criar um ecossistema sem focar a \u00e1rea ou a compet\u00eancia daquele local&#8221;, afirma.<\/p>\n<p data-reader-unique-id=\"57\">Fonte: <a href=\"https:\/\/www1.folha.uol.com.br\/mpme\/2022\/07\/pequenos-empresarios-buscam-ambiente-de-inovacao-longe-de-casa.shtml\">Folha de S\u00e3o Paulo<\/a><\/p>\n","protected":false},"excerpt":{"rendered":"<p>Ecossistemas que agregam v\u00e1rios agentes de apoio aos neg\u00f3cios n\u00e3o<span class=\"excerpt-hellip\"> [\u2026]<\/span><\/p>\n","protected":false},"author":8,"featured_media":42762,"comment_status":"closed","ping_status":"closed","sticky":false,"template":"","format":"standard","meta":{"footnotes":"","_links_to":"","_links_to_target":""},"categories":[3,414],"tags":[],"calendar":[],"_links":{"self":[{"href":"https:\/\/anprotec.org.br\/site\/wp-json\/wp\/v2\/posts\/42761"}],"collection":[{"href":"https:\/\/anprotec.org.br\/site\/wp-json\/wp\/v2\/posts"}],"about":[{"href":"https:\/\/anprotec.org.br\/site\/wp-json\/wp\/v2\/types\/post"}],"author":[{"embeddable":true,"href":"https:\/\/anprotec.org.br\/site\/wp-json\/wp\/v2\/users\/8"}],"replies":[{"embeddable":true,"href":"https:\/\/anprotec.org.br\/site\/wp-json\/wp\/v2\/comments?post=42761"}],"version-history":[{"count":2,"href":"https:\/\/anprotec.org.br\/site\/wp-json\/wp\/v2\/posts\/42761\/revisions"}],"predecessor-version":[{"id":49086,"href":"https:\/\/anprotec.org.br\/site\/wp-json\/wp\/v2\/posts\/42761\/revisions\/49086"}],"wp:featuredmedia":[{"embeddable":true,"href":"https:\/\/anprotec.org.br\/site\/wp-json\/wp\/v2\/media\/42762"}],"wp:attachment":[{"href":"https:\/\/anprotec.org.br\/site\/wp-json\/wp\/v2\/media?parent=42761"}],"wp:term":[{"taxonomy":"category","embeddable":true,"href":"https:\/\/anprotec.org.br\/site\/wp-json\/wp\/v2\/categories?post=42761"},{"taxonomy":"post_tag","embeddable":true,"href":"https:\/\/anprotec.org.br\/site\/wp-json\/wp\/v2\/tags?post=42761"},{"taxonomy":"calendar","embeddable":true,"href":"https:\/\/anprotec.org.br\/site\/wp-json\/wp\/v2\/calendar?post=42761"}],"curies":[{"name":"wp","href":"https:\/\/api.w.org\/{rel}","templated":true}]}}