{"id":42735,"date":"2022-07-27T13:25:12","date_gmt":"2022-07-27T16:25:12","guid":{"rendered":"https:\/\/anprotec.org.br\/site\/?p=42735"},"modified":"2022-07-27T13:25:12","modified_gmt":"2022-07-27T16:25:12","slug":"startup-summit-2022-reunira-cinco-mil-pessoas-em-florianopolis-para-debater-inovacao-e-tecnologia","status":"publish","type":"post","link":"https:\/\/anprotec.org.br\/site\/2022\/07\/startup-summit-2022-reunira-cinco-mil-pessoas-em-florianopolis-para-debater-inovacao-e-tecnologia\/","title":{"rendered":"Startup Summit 2022 reunir\u00e1 cinco mil pessoas em Florian\u00f3polis para debater inova\u00e7\u00e3o e tecnologia"},"content":{"rendered":"<p><img decoding=\"async\" loading=\"lazy\" class=\"size-full wp-image-42737 alignleft\" src=\"https:\/\/anprotec.org.br\/site\/wp-content\/uploads\/2022\/07\/Summit-1.png\" alt=\"\" width=\"370\" height=\"235\" srcset=\"https:\/\/anprotec.org.br\/site\/wp-content\/uploads\/2022\/07\/Summit-1.png 370w, https:\/\/anprotec.org.br\/site\/wp-content\/uploads\/2022\/07\/Summit-1-300x191.png 300w, https:\/\/anprotec.org.br\/site\/wp-content\/uploads\/2022\/07\/Summit-1-230x146.png 230w, https:\/\/anprotec.org.br\/site\/wp-content\/uploads\/2022\/07\/Summit-1-50x32.png 50w, https:\/\/anprotec.org.br\/site\/wp-content\/uploads\/2022\/07\/Summit-1-118x75.png 118w\" sizes=\"(max-width: 370px) 100vw, 370px\" \/>O pr\u00f3ximo encontro do ecossistema de inova\u00e7\u00e3o brasileiro tem dia e hora marcados: 4 e 5 de agosto, no Startup Summit 2022, em Florian\u00f3polis (SC). O evento realizado pelo Sebrae, em parceria com a Associa\u00e7\u00e3o Catarinense de Tecnologia (ACATE) e com a Associa\u00e7\u00e3o Comercial e Industrial de Florian\u00f3polis (ACIF), j\u00e1 \u00e9 refer\u00eancia quando se trata de inova\u00e7\u00e3o, tecnologia e novos modelos de neg\u00f3cios no Brasil. Nesta edi\u00e7\u00e3o, ser\u00e3o mais de 100 palestrantes, divididos em oito palcos, al\u00e9m dos expositores, que devem superar a marca de 170. A expectativa \u00e9 que cinco mil pessoas compare\u00e7am em busca das mais de 14 trilhas de conte\u00fado que acontecer\u00e3o simultaneamente.<\/p>\n<p>Desde que come\u00e7ou a ser realizado, o Startup Summit j\u00e1 impactou mais de 30 mil pessoas diretamente. S\u00e3o empreendedores, idealizadores, investidores, catalisadores, autoridades, pol\u00edticos, pesquisadores e especialistas em inova\u00e7\u00e3o e tecnologia que se re\u00fanem para trocar conhecimento e fazer neg\u00f3cios. Na edi\u00e7\u00e3o 2022, todos os cinco mil ingressos presenciais esgotaram antes de 30 dias para o evento come\u00e7ar.<\/p>\n<p>Dados recentes levantados pelo Sebrae apontam que o mercado das startups est\u00e1 em plena ascens\u00e3o no pa\u00eds, movimentando US$ 1,7 bilh\u00e3o em investimentos captados no primeiro semestre de 2022. O n\u00famero representa uma alta de 22% em rela\u00e7\u00e3o ao aportado no mesmo per\u00edodo do ano passado.<\/p>\n<p>Para o presidente do Sebrae, Carlos Melles, o crescimento das startups \u00e9 sin\u00f4nimo de desenvolvimento econ\u00f4mico e social. \u201cAcreditamos que inova\u00e7\u00e3o e tecnologia precisam alcan\u00e7ar toda a popula\u00e7\u00e3o. Com o Startup Summit, unimos ecossistema para trabalhar maneiras de democratizar esse acesso, fomentando os neg\u00f3cios, dando condi\u00e7\u00f5es e oportunidades para que eles cres\u00e7am\u201d, afirma.<\/p>\n<p><strong>Programa\u00e7\u00e3o<\/strong><\/p>\n<p>Os conte\u00fados oferecidos no Startup Summit s\u00e3o org\u00e2nicos, flu\u00eddos e diversos. Entre os mais de 100 painelistas, h\u00e1 nomes como o da apresentadora do Shark Tank Brasil e fundadora da G2 Capital, Camila Farani; da apresentadora da CNN, Gabriela Prioli; do CEO da Ebanx, Jo\u00e3o Del Vale; do cofundador da Madeira Madeira, Robson Privado; da gerente de Programas de Recrutamento de Diversidade, Equidade e Inclus\u00e3o do Google, Lisiane Lemos, entre tantos outros.<\/p>\n<p>Paralelamente, o evento oferece ambientes como a Sala do Capital Empreendedor, local onde startups e investidores podem estreitar rela\u00e7\u00f5es e conhecer mais sobre o programa que promove novos investimentos. Inovativa e Lounge Catalisa tamb\u00e9m trar\u00e3o um pouco das experi\u00eancias das iniciativas que j\u00e1 acontecem no Sebrae para dentro do Startup Summit. Al\u00e9m disso, durante o evento, haver\u00e1 a final do Desafio Like a Boss, quando os finalistas ser\u00e3o representantes do Brasil em campeonatos de empreendedorismo internacional. O evento ser\u00e1 transmitido on-line, com inscri\u00e7\u00f5es gratuitas.<\/p>\n<p>Interessados podem se inscrever <a href=\"https:\/\/www.startupsummit.com.br\/\">aqui<\/a>.<\/p>\n<p>Fonte: <a href=\"https:\/\/agenciasebrae.com.br\/inovacao\/startup-summit-2022-reunira-cinco-mil-pessoas-em-florianopolis-para-debater-inovacao-e-tecnologia\/\">Sebrae<\/a><\/p>\n","protected":false},"excerpt":{"rendered":"<p>O pr\u00f3ximo encontro do ecossistema de inova\u00e7\u00e3o brasileiro tem dia<span class=\"excerpt-hellip\"> [\u2026]<\/span><\/p>\n","protected":false},"author":8,"featured_media":42736,"comment_status":"closed","ping_status":"closed","sticky":false,"template":"","format":"standard","meta":{"footnotes":"","_links_to":"","_links_to_target":""},"categories":[3],"tags":[],"calendar":[],"_links":{"self":[{"href":"https:\/\/anprotec.org.br\/site\/wp-json\/wp\/v2\/posts\/42735"}],"collection":[{"href":"https:\/\/anprotec.org.br\/site\/wp-json\/wp\/v2\/posts"}],"about":[{"href":"https:\/\/anprotec.org.br\/site\/wp-json\/wp\/v2\/types\/post"}],"author":[{"embeddable":true,"href":"https:\/\/anprotec.org.br\/site\/wp-json\/wp\/v2\/users\/8"}],"replies":[{"embeddable":true,"href":"https:\/\/anprotec.org.br\/site\/wp-json\/wp\/v2\/comments?post=42735"}],"version-history":[{"count":1,"href":"https:\/\/anprotec.org.br\/site\/wp-json\/wp\/v2\/posts\/42735\/revisions"}],"predecessor-version":[{"id":42738,"href":"https:\/\/anprotec.org.br\/site\/wp-json\/wp\/v2\/posts\/42735\/revisions\/42738"}],"wp:featuredmedia":[{"embeddable":true,"href":"https:\/\/anprotec.org.br\/site\/wp-json\/wp\/v2\/media\/42736"}],"wp:attachment":[{"href":"https:\/\/anprotec.org.br\/site\/wp-json\/wp\/v2\/media?parent=42735"}],"wp:term":[{"taxonomy":"category","embeddable":true,"href":"https:\/\/anprotec.org.br\/site\/wp-json\/wp\/v2\/categories?post=42735"},{"taxonomy":"post_tag","embeddable":true,"href":"https:\/\/anprotec.org.br\/site\/wp-json\/wp\/v2\/tags?post=42735"},{"taxonomy":"calendar","embeddable":true,"href":"https:\/\/anprotec.org.br\/site\/wp-json\/wp\/v2\/calendar?post=42735"}],"curies":[{"name":"wp","href":"https:\/\/api.w.org\/{rel}","templated":true}]}}