{"id":42725,"date":"2022-07-26T11:17:59","date_gmt":"2022-07-26T14:17:59","guid":{"rendered":"https:\/\/anprotec.org.br\/site\/?p=42725"},"modified":"2025-02-25T13:38:42","modified_gmt":"2025-02-25T16:38:42","slug":"inpi-abre-inscricoes-para-curso-uso-da-pi-em-negocios-de-base-tecnologica","status":"publish","type":"post","link":"https:\/\/anprotec.org.br\/site\/2022\/07\/inpi-abre-inscricoes-para-curso-uso-da-pi-em-negocios-de-base-tecnologica\/","title":{"rendered":"INPI abre inscri\u00e7\u00f5es para curso &#8220;Uso da PI em neg\u00f3cios de base tecnol\u00f3gica&#8221;"},"content":{"rendered":"<p><img decoding=\"async\" loading=\"lazy\" class=\"wp-image-42726 alignleft\" src=\"https:\/\/anprotec.org.br\/site\/wp-content\/uploads\/2022\/07\/Cartazes-curso-UPITEC-turma-agosto.png\" alt=\"\" width=\"548\" height=\"460\" srcset=\"https:\/\/anprotec.org.br\/site\/wp-content\/uploads\/2022\/07\/Cartazes-curso-UPITEC-turma-agosto.png 940w, https:\/\/anprotec.org.br\/site\/wp-content\/uploads\/2022\/07\/Cartazes-curso-UPITEC-turma-agosto-300x251.png 300w, https:\/\/anprotec.org.br\/site\/wp-content\/uploads\/2022\/07\/Cartazes-curso-UPITEC-turma-agosto-768x644.png 768w, https:\/\/anprotec.org.br\/site\/wp-content\/uploads\/2022\/07\/Cartazes-curso-UPITEC-turma-agosto-174x146.png 174w, https:\/\/anprotec.org.br\/site\/wp-content\/uploads\/2022\/07\/Cartazes-curso-UPITEC-turma-agosto-50x42.png 50w, https:\/\/anprotec.org.br\/site\/wp-content\/uploads\/2022\/07\/Cartazes-curso-UPITEC-turma-agosto-89x75.png 89w\" sizes=\"(max-width: 548px) 100vw, 548px\" \/>A edi\u00e7\u00e3o de agosto do curso &#8220;Uso da PI em Neg\u00f3cios de Base Tecnol\u00f3gica&#8221;, que acontece entre os dias 01 e 31 de agosto, est\u00e1 com inscri\u00e7\u00f5es abertas. As inscri\u00e7\u00f5es podem ser feitas at\u00e9 o dia 1\/8.<\/p>\n<p>O curso \u00e9 realizado pelo Instituto Nacional de Propriedade Industrial (INPI) e tem como objetivo capacitar profissionais de empresas e ICTs atuantes em neg\u00f3cios de base tecnol\u00f3gica na tem\u00e1tica da propriedade intelectual, em especial no campo de patentes.<\/p>\n<p>O curso funciona tamb\u00e9m como pr\u00e9-requisito para a participa\u00e7\u00e3o do aluno nas a\u00e7\u00f5es de mentoria do programa-piloto de Mentoria em PI (PMPI), desde que o aluno obede\u00e7a aos crit\u00e9rios de elegibilidade do Programa. Portanto, para quem j\u00e1 participou de cursos de Nivelamento em Propriedade Intelectual para as a\u00e7\u00f5es de Mentoria do INPI, este curso j\u00e1 foi realizado.<\/p>\n<p><strong>Sobre o Programa INPI Neg\u00f3cios<\/strong><br \/>\nInaugura uma nova din\u00e2mica de atua\u00e7\u00e3o do Instituto, cujo objetivo principal \u00e9 a busca pelo aumento de registros de ativos de propriedade industrial (PI) por residentes no Brasil, tais como empresas, centros de inova\u00e7\u00e3o e universidades.<\/p>\n<p>Estruturado em 6 eixos, o Programa pretende ser a face de um novo INPI. Para al\u00e9m de atuar como \u00f3rg\u00e3o concessor de registros de PI, o Instituto acredita que \u00e9 chegada a hora de estimular mais ativamente que novos depositantes ingressem no sistema, transformando conhecimento em valor, atraindo investimentos, sempre em favor da celebra\u00e7\u00e3o de mais e mais neg\u00f3cios.<\/p>\n<p>Para saber mais ou realizar inscri\u00e7\u00f5es: <a href=\"https:\/\/academiavirtual.inpi.gov.br\/moodle\/login\/index.php\">https:\/\/academiavirtual.inpi.gov.br\/moodle\/login\/index.php<\/a><\/p>\n","protected":false},"excerpt":{"rendered":"<p>A edi\u00e7\u00e3o de agosto do curso &#8220;Uso da PI em<span class=\"excerpt-hellip\"> [\u2026]<\/span><\/p>\n","protected":false},"author":8,"featured_media":42728,"comment_status":"closed","ping_status":"closed","sticky":false,"template":"","format":"standard","meta":{"footnotes":"","_links_to":"","_links_to_target":""},"categories":[3,383],"tags":[],"calendar":[],"_links":{"self":[{"href":"https:\/\/anprotec.org.br\/site\/wp-json\/wp\/v2\/posts\/42725"}],"collection":[{"href":"https:\/\/anprotec.org.br\/site\/wp-json\/wp\/v2\/posts"}],"about":[{"href":"https:\/\/anprotec.org.br\/site\/wp-json\/wp\/v2\/types\/post"}],"author":[{"embeddable":true,"href":"https:\/\/anprotec.org.br\/site\/wp-json\/wp\/v2\/users\/8"}],"replies":[{"embeddable":true,"href":"https:\/\/anprotec.org.br\/site\/wp-json\/wp\/v2\/comments?post=42725"}],"version-history":[{"count":2,"href":"https:\/\/anprotec.org.br\/site\/wp-json\/wp\/v2\/posts\/42725\/revisions"}],"predecessor-version":[{"id":42731,"href":"https:\/\/anprotec.org.br\/site\/wp-json\/wp\/v2\/posts\/42725\/revisions\/42731"}],"wp:featuredmedia":[{"embeddable":true,"href":"https:\/\/anprotec.org.br\/site\/wp-json\/wp\/v2\/media\/42728"}],"wp:attachment":[{"href":"https:\/\/anprotec.org.br\/site\/wp-json\/wp\/v2\/media?parent=42725"}],"wp:term":[{"taxonomy":"category","embeddable":true,"href":"https:\/\/anprotec.org.br\/site\/wp-json\/wp\/v2\/categories?post=42725"},{"taxonomy":"post_tag","embeddable":true,"href":"https:\/\/anprotec.org.br\/site\/wp-json\/wp\/v2\/tags?post=42725"},{"taxonomy":"calendar","embeddable":true,"href":"https:\/\/anprotec.org.br\/site\/wp-json\/wp\/v2\/calendar?post=42725"}],"curies":[{"name":"wp","href":"https:\/\/api.w.org\/{rel}","templated":true}]}}