{"id":42272,"date":"2022-07-18T11:21:32","date_gmt":"2022-07-18T14:21:32","guid":{"rendered":"https:\/\/anprotec.org.br\/site\/?p=42272"},"modified":"2025-02-25T13:40:11","modified_gmt":"2025-02-25T16:40:11","slug":"abvcap-realiza-conferencia-brasileira-de-venture-capital-e-forum-de-investimentos-sustentaveis-em-sao-paulo","status":"publish","type":"post","link":"https:\/\/anprotec.org.br\/site\/2022\/07\/abvcap-realiza-conferencia-brasileira-de-venture-capital-e-forum-de-investimentos-sustentaveis-em-sao-paulo\/","title":{"rendered":"Abvcap realiza Confer\u00eancia Brasileira de Venture Capital e F\u00f3rum de Investimentos Sustent\u00e1veis em S\u00e3o Paulo"},"content":{"rendered":"<div class=\"kvgmc6g5 cxmmr5t8 oygrvhab hcukyx3x c1et5uql ii04i59q\">\n<div dir=\"auto\"><img decoding=\"async\" loading=\"lazy\" class=\"alignnone wp-image-42273\" src=\"https:\/\/anprotec.org.br\/site\/wp-content\/uploads\/2022\/07\/Instagram-Agosto-2.png\" alt=\"\" width=\"568\" height=\"568\" srcset=\"https:\/\/anprotec.org.br\/site\/wp-content\/uploads\/2022\/07\/Instagram-Agosto-2.png 1080w, https:\/\/anprotec.org.br\/site\/wp-content\/uploads\/2022\/07\/Instagram-Agosto-2-300x300.png 300w, https:\/\/anprotec.org.br\/site\/wp-content\/uploads\/2022\/07\/Instagram-Agosto-2-1024x1024.png 1024w, https:\/\/anprotec.org.br\/site\/wp-content\/uploads\/2022\/07\/Instagram-Agosto-2-768x768.png 768w, https:\/\/anprotec.org.br\/site\/wp-content\/uploads\/2022\/07\/Instagram-Agosto-2-146x146.png 146w, https:\/\/anprotec.org.br\/site\/wp-content\/uploads\/2022\/07\/Instagram-Agosto-2-50x50.png 50w, https:\/\/anprotec.org.br\/site\/wp-content\/uploads\/2022\/07\/Instagram-Agosto-2-75x75.png 75w, https:\/\/anprotec.org.br\/site\/wp-content\/uploads\/2022\/07\/Instagram-Agosto-2-85x85.png 85w, https:\/\/anprotec.org.br\/site\/wp-content\/uploads\/2022\/07\/Instagram-Agosto-2-80x80.png 80w\" sizes=\"(max-width: 568px) 100vw, 568px\" \/>\u00a0<img decoding=\"async\" loading=\"lazy\" class=\"wp-image-42274 alignnone\" src=\"https:\/\/anprotec.org.br\/site\/wp-content\/uploads\/2022\/07\/Instagram-Agosto-1-1.png\" alt=\"\" width=\"568\" height=\"568\" srcset=\"https:\/\/anprotec.org.br\/site\/wp-content\/uploads\/2022\/07\/Instagram-Agosto-1-1.png 1080w, https:\/\/anprotec.org.br\/site\/wp-content\/uploads\/2022\/07\/Instagram-Agosto-1-1-300x300.png 300w, https:\/\/anprotec.org.br\/site\/wp-content\/uploads\/2022\/07\/Instagram-Agosto-1-1-1024x1024.png 1024w, https:\/\/anprotec.org.br\/site\/wp-content\/uploads\/2022\/07\/Instagram-Agosto-1-1-768x768.png 768w, https:\/\/anprotec.org.br\/site\/wp-content\/uploads\/2022\/07\/Instagram-Agosto-1-1-146x146.png 146w, https:\/\/anprotec.org.br\/site\/wp-content\/uploads\/2022\/07\/Instagram-Agosto-1-1-50x50.png 50w, https:\/\/anprotec.org.br\/site\/wp-content\/uploads\/2022\/07\/Instagram-Agosto-1-1-75x75.png 75w, https:\/\/anprotec.org.br\/site\/wp-content\/uploads\/2022\/07\/Instagram-Agosto-1-1-85x85.png 85w, https:\/\/anprotec.org.br\/site\/wp-content\/uploads\/2022\/07\/Instagram-Agosto-1-1-80x80.png 80w\" sizes=\"(max-width: 568px) 100vw, 568px\" \/><\/div>\n<div dir=\"auto\">Estamos juntos com a <a class=\"oajrlxb2 g5ia77u1 qu0x051f esr5mh6w e9989ue4 r7d6kgcz rq0escxv nhd2j8a9 nc684nl6 p7hjln8o kvgmc6g5 cxmmr5t8 oygrvhab hcukyx3x jb3vyjys rz4wbd8a qt6c0cv9 a8nywdso i1ao9s8h esuyzwwr f1sip0of lzcic4wl gpro0wi8 py34i1dx\" role=\"link\" href=\"https:\/\/www.facebook.com\/abvcap\/?__cft__[0]=AZVu1lMQ6NHWr5g2LnfwPv2MQSYIXMIsjYp8YRLko-L9nDe5bS_KplsAxwOnoLOkNP8YVEceLsYiACnY-qxUV5oWvLugP8ixKL40rMkW0OAVZsneJnfbCjc14ok9jivIDL6qwzTwHXnfB9QsbE8PLXGX5WmdwGz6t_1ETBBcGI60VQ&amp;__tn__=kK-R\" target=\"_blank\" rel=\"noopener noreferrer\"><strong><span class=\"nc684nl6\">Abvcap<\/span><\/strong><\/a> na Confer\u00eancia Brasileira de Venture Capital e no F\u00f3rum de Investimentos Sustent\u00e1veis.<\/div>\n<div dir=\"auto\"><\/div>\n<\/div>\n<div class=\"cxmmr5t8 oygrvhab hcukyx3x c1et5uql o9v6fnle ii04i59q\">\n<div dir=\"auto\">Nos dias 10 e 11 de agosto, a Abvcap realizar\u00e1 dois eventos: A Confer\u00eancia Brasileira de Venture Capital e o F\u00f3rum de Investimentos Sustent\u00e1veis. Os eventos ser\u00e3o realizados em formato presencial para uma experi\u00eancia completamente diferente, no Hotel Blue Tree Premium \u2013 Faria Lima.<\/div>\n<div dir=\"auto\"><\/div>\n<\/div>\n<div class=\"cxmmr5t8 oygrvhab hcukyx3x c1et5uql o9v6fnle ii04i59q\">\n<div dir=\"auto\">Fique por dentro das principais quest\u00f5es em rela\u00e7\u00e3o \u00e0 maturidade do ecossistema e oportunidades, al\u00e9m de debater quest\u00f5es sobre a tem\u00e1tica ambiental, social e governan\u00e7a.<\/div>\n<div dir=\"auto\"><\/div>\n<\/div>\n<div class=\"cxmmr5t8 oygrvhab hcukyx3x c1et5uql o9v6fnle ii04i59q\">\n<div dir=\"auto\">Inscreva-se: <a class=\"oajrlxb2 g5ia77u1 qu0x051f esr5mh6w e9989ue4 r7d6kgcz rq0escxv nhd2j8a9 nc684nl6 p7hjln8o kvgmc6g5 cxmmr5t8 oygrvhab hcukyx3x jb3vyjys rz4wbd8a qt6c0cv9 a8nywdso i1ao9s8h esuyzwwr f1sip0of lzcic4wl gpro0wi8 py34i1dx\" role=\"link\" href=\"https:\/\/www.abvcapexperience.com.br\/?fbclid=IwAR2RrG2g9nRKfz6yEjHsl0AvDfWjAewQu2nvTrNz1tz9rHaxhwFMKMbv0bY\" target=\"_blank\" rel=\"nofollow noopener noreferrer\">https:\/\/www.abvcapexperience.com.br\/<\/a><\/div>\n<div dir=\"auto\"><\/div>\n<\/div>\n","protected":false},"excerpt":{"rendered":"<p>\u00a0 Estamos juntos com a Abvcap na Confer\u00eancia Brasileira de<span class=\"excerpt-hellip\"> [\u2026]<\/span><\/p>\n","protected":false},"author":8,"featured_media":42279,"comment_status":"closed","ping_status":"closed","sticky":false,"template":"","format":"standard","meta":{"footnotes":"","_links_to":"","_links_to_target":""},"categories":[3,383],"tags":[],"calendar":[],"_links":{"self":[{"href":"https:\/\/anprotec.org.br\/site\/wp-json\/wp\/v2\/posts\/42272"}],"collection":[{"href":"https:\/\/anprotec.org.br\/site\/wp-json\/wp\/v2\/posts"}],"about":[{"href":"https:\/\/anprotec.org.br\/site\/wp-json\/wp\/v2\/types\/post"}],"author":[{"embeddable":true,"href":"https:\/\/anprotec.org.br\/site\/wp-json\/wp\/v2\/users\/8"}],"replies":[{"embeddable":true,"href":"https:\/\/anprotec.org.br\/site\/wp-json\/wp\/v2\/comments?post=42272"}],"version-history":[{"count":2,"href":"https:\/\/anprotec.org.br\/site\/wp-json\/wp\/v2\/posts\/42272\/revisions"}],"predecessor-version":[{"id":42278,"href":"https:\/\/anprotec.org.br\/site\/wp-json\/wp\/v2\/posts\/42272\/revisions\/42278"}],"wp:featuredmedia":[{"embeddable":true,"href":"https:\/\/anprotec.org.br\/site\/wp-json\/wp\/v2\/media\/42279"}],"wp:attachment":[{"href":"https:\/\/anprotec.org.br\/site\/wp-json\/wp\/v2\/media?parent=42272"}],"wp:term":[{"taxonomy":"category","embeddable":true,"href":"https:\/\/anprotec.org.br\/site\/wp-json\/wp\/v2\/categories?post=42272"},{"taxonomy":"post_tag","embeddable":true,"href":"https:\/\/anprotec.org.br\/site\/wp-json\/wp\/v2\/tags?post=42272"},{"taxonomy":"calendar","embeddable":true,"href":"https:\/\/anprotec.org.br\/site\/wp-json\/wp\/v2\/calendar?post=42272"}],"curies":[{"name":"wp","href":"https:\/\/api.w.org\/{rel}","templated":true}]}}