{"id":41725,"date":"2022-07-13T11:49:00","date_gmt":"2022-07-13T14:49:00","guid":{"rendered":"https:\/\/anprotec.org.br\/site\/?p=41725"},"modified":"2025-02-25T13:40:21","modified_gmt":"2025-02-25T16:40:21","slug":"sebrae-ce-e-fiocruz-discutem-parceria-na-area-da-inovacao","status":"publish","type":"post","link":"https:\/\/anprotec.org.br\/site\/2022\/07\/sebrae-ce-e-fiocruz-discutem-parceria-na-area-da-inovacao\/","title":{"rendered":"Sebrae\/CE e Fiocruz discutem parceria na \u00e1rea da inova\u00e7\u00e3o"},"content":{"rendered":"<p><img decoding=\"async\" loading=\"lazy\" class=\"size-full wp-image-41727 alignleft\" src=\"https:\/\/anprotec.org.br\/site\/wp-content\/uploads\/2022\/07\/Sebrae-e-Fiocruz-discutem-parceria-na-area-da-inovacao-1.jpg\" alt=\"\" width=\"370\" height=\"235\" srcset=\"https:\/\/anprotec.org.br\/site\/wp-content\/uploads\/2022\/07\/Sebrae-e-Fiocruz-discutem-parceria-na-area-da-inovacao-1.jpg 370w, https:\/\/anprotec.org.br\/site\/wp-content\/uploads\/2022\/07\/Sebrae-e-Fiocruz-discutem-parceria-na-area-da-inovacao-1-300x191.jpg 300w, https:\/\/anprotec.org.br\/site\/wp-content\/uploads\/2022\/07\/Sebrae-e-Fiocruz-discutem-parceria-na-area-da-inovacao-1-230x146.jpg 230w, https:\/\/anprotec.org.br\/site\/wp-content\/uploads\/2022\/07\/Sebrae-e-Fiocruz-discutem-parceria-na-area-da-inovacao-1-50x32.jpg 50w, https:\/\/anprotec.org.br\/site\/wp-content\/uploads\/2022\/07\/Sebrae-e-Fiocruz-discutem-parceria-na-area-da-inovacao-1-118x75.jpg 118w\" sizes=\"(max-width: 370px) 100vw, 370px\" \/>A ideia \u00e9 que a Funda\u00e7\u00e3o Oswaldo Cruz possa participar do Linklab, a\u00e7\u00e3o desenvolvida pelo Sebrae\/CE que visa aproximar startups cearenses e grandes empresas do Estado<\/p>\n<p>O superintendente do Sebrae\/CE, Joaquim Cartaxo, e o articulador da Unidade de Gest\u00e3o de Ambientes de Inova\u00e7\u00e3o, Herbart Melo, estiveram na Funda\u00e7\u00e3o Oswaldo Cruz (Fiocruz) na \u00faltima semana, onde se reuniram com o pesquisador e coordenador da C\u00e2mara de Inova\u00e7\u00e3o, Produ\u00e7\u00e3o e Empreendedorismo da Fiocruz Cear\u00e1, Odorico Monteiro e com a articuladora de inova\u00e7\u00e3o e empreendedorismo, Adriana Bacelo.<\/p>\n<p>Tamb\u00e9m participou do encontro de forma remota, o diretor de Inova\u00e7\u00e3o e Novos Neg\u00f3cios da Associa\u00e7\u00e3o Catarinense de Tecnologia, Silvio Kotujansky. A institui\u00e7\u00e3o \u00e9 parceria do Sebrae\/CE no projeto de estrutura\u00e7\u00e3o e acelera\u00e7\u00e3o do ecossistema de inova\u00e7\u00e3o no Cear\u00e1.<\/p>\n<p>Durante o encontro, foi apresentado ao diretor da Fiocruz a estrat\u00e9gia do Sebrae\/CE na \u00e1rea da inova\u00e7\u00e3o, que conta com a\u00e7\u00f5es como o projeto de apoio a startups cearenses e a implanta\u00e7\u00e3o de quatro centros de inova\u00e7\u00e3o e cinco centros de refer\u00eancia no Estado.<\/p>\n<p>Na oportunidade, tamb\u00e9m foi discutida a participa\u00e7\u00e3o da Funda\u00e7\u00e3o Oswaldo Cruz no Linklab, a\u00e7\u00e3o desenvolvida pelo Sebrae\/CE, em parceria com a ACATE, que visa aproximar startups cearenses e grandes empresas do Estado.<\/p>\n<p>Para o superintendente do Sebrae\/CE, Joaquim Cartaxo, n\u00e3o \u00e9 poss\u00edvel desenvolver o ecossistema de inova\u00e7\u00e3o do Cear\u00e1 sem envolver a Fiocruz, dado o car\u00e1ter inovador do trabalho realizado na institui\u00e7\u00e3o. \u201cO Cear\u00e1 tem um grande potencial para o desenvolvimento de neg\u00f3cios inovadores na \u00e1rea da sa\u00fade e por isso \u00e9 muito importante termos a Fiocruz, que \u00e9 uma refer\u00eancia no pa\u00eds, como parte deste ecossistema de inova\u00e7\u00e3o\u201d.<\/p>\n<p>J\u00e1 o pesquisador da Fiocruz, Odorico Monteiro destacou a import\u00e2ncia da parceria com o Sebrae para ajudar a institui\u00e7\u00e3o a levar a inova\u00e7\u00e3o desenvolvida dentro da Fiocruz para a sociedade. \u201cN\u00f3s queremos ter uma clareza maior sobre a quest\u00e3o do empreendedorismo e esta parceria com o Sebrae \u00e9 muito importante neste sentido\u201d.<\/p>\n<p>Fonte: <a href=\"https:\/\/gcmais.com.br\/coluna\/partiu-empreender\/sebrae-ce-e-fiocruz-discutem-parceria-na-area-da-inovacao\/\">GC Mais<\/a><\/p>\n","protected":false},"excerpt":{"rendered":"<p>A ideia \u00e9 que a Funda\u00e7\u00e3o Oswaldo Cruz possa participar<span class=\"excerpt-hellip\"> [\u2026]<\/span><\/p>\n","protected":false},"author":8,"featured_media":41726,"comment_status":"closed","ping_status":"closed","sticky":false,"template":"","format":"standard","meta":{"footnotes":"","_links_to":"","_links_to_target":""},"categories":[3],"tags":[],"calendar":[],"_links":{"self":[{"href":"https:\/\/anprotec.org.br\/site\/wp-json\/wp\/v2\/posts\/41725"}],"collection":[{"href":"https:\/\/anprotec.org.br\/site\/wp-json\/wp\/v2\/posts"}],"about":[{"href":"https:\/\/anprotec.org.br\/site\/wp-json\/wp\/v2\/types\/post"}],"author":[{"embeddable":true,"href":"https:\/\/anprotec.org.br\/site\/wp-json\/wp\/v2\/users\/8"}],"replies":[{"embeddable":true,"href":"https:\/\/anprotec.org.br\/site\/wp-json\/wp\/v2\/comments?post=41725"}],"version-history":[{"count":2,"href":"https:\/\/anprotec.org.br\/site\/wp-json\/wp\/v2\/posts\/41725\/revisions"}],"predecessor-version":[{"id":41729,"href":"https:\/\/anprotec.org.br\/site\/wp-json\/wp\/v2\/posts\/41725\/revisions\/41729"}],"wp:featuredmedia":[{"embeddable":true,"href":"https:\/\/anprotec.org.br\/site\/wp-json\/wp\/v2\/media\/41726"}],"wp:attachment":[{"href":"https:\/\/anprotec.org.br\/site\/wp-json\/wp\/v2\/media?parent=41725"}],"wp:term":[{"taxonomy":"category","embeddable":true,"href":"https:\/\/anprotec.org.br\/site\/wp-json\/wp\/v2\/categories?post=41725"},{"taxonomy":"post_tag","embeddable":true,"href":"https:\/\/anprotec.org.br\/site\/wp-json\/wp\/v2\/tags?post=41725"},{"taxonomy":"calendar","embeddable":true,"href":"https:\/\/anprotec.org.br\/site\/wp-json\/wp\/v2\/calendar?post=41725"}],"curies":[{"name":"wp","href":"https:\/\/api.w.org\/{rel}","templated":true}]}}