{"id":41721,"date":"2022-07-13T11:41:05","date_gmt":"2022-07-13T14:41:05","guid":{"rendered":"https:\/\/anprotec.org.br\/site\/?p=41721"},"modified":"2025-02-25T13:40:29","modified_gmt":"2025-02-25T16:40:29","slug":"programa-de-inovacao-oferece-30-bolsas-de-ate-r-4-mil-para-formacao-de-lideres-em-goias","status":"publish","type":"post","link":"https:\/\/anprotec.org.br\/site\/2022\/07\/programa-de-inovacao-oferece-30-bolsas-de-ate-r-4-mil-para-formacao-de-lideres-em-goias\/","title":{"rendered":"Programa de inova\u00e7\u00e3o oferece 30 bolsas de at\u00e9 R$ 4 mil para forma\u00e7\u00e3o de l\u00edderes, em Goi\u00e1s"},"content":{"rendered":"<div class=\"row content-head non-featured \">\n<div class=\"medium-centered subtitle\">\n<p class=\"content-head__subtitle\"><img decoding=\"async\" loading=\"lazy\" class=\"size-full wp-image-41722 alignleft\" src=\"https:\/\/anprotec.org.br\/site\/wp-content\/uploads\/2022\/07\/G1.png\" alt=\"\" width=\"370\" height=\"235\" srcset=\"https:\/\/anprotec.org.br\/site\/wp-content\/uploads\/2022\/07\/G1.png 370w, https:\/\/anprotec.org.br\/site\/wp-content\/uploads\/2022\/07\/G1-300x191.png 300w, https:\/\/anprotec.org.br\/site\/wp-content\/uploads\/2022\/07\/G1-230x146.png 230w, https:\/\/anprotec.org.br\/site\/wp-content\/uploads\/2022\/07\/G1-50x32.png 50w, https:\/\/anprotec.org.br\/site\/wp-content\/uploads\/2022\/07\/G1-118x75.png 118w\" sizes=\"(max-width: 370px) 100vw, 370px\" \/>Iniciativa visa formar uma rede de l\u00edderes com o foco no fortalecimento dos ecossistemas regionais de empreendedorismo. Inscri\u00e7\u00f5es v\u00e3o at\u00e9 o dia 22 de julho; confira.<\/p>\n<\/div>\n<\/div>\n<div class=\"content__signa-share\">\n<div class=\"content__signature\">\n<div class=\"content-publication-data\">\n<div class=\"content-publication-data__text\">A Secretaria de Desenvolvimento e Inova\u00e7\u00e3o (Sedi) e a Funda\u00e7\u00e3o de Amparo \u00e0 Pesquisa do Estado de Goi\u00e1s (Fapeg) est\u00e3o com inscri\u00e7\u00f5es abertas para o programa Embaixadores da Inova\u00e7\u00e3o. O processo seletivo tem 30 vagas em todas as regi\u00f5es do estado, com bolsas de R$ 3 mil (juniores) e R$ 4 mil (plenos) durante um ano.<\/div>\n<div>As inscri\u00e7\u00f5es para sele\u00e7\u00e3o de novos embaixadores podem ser realizadas at\u00e9 o dia 22 de julho<a href=\"https:\/\/www.desenvolvimento.go.gov.br\/embaixadores\" target=\"_blank\" rel=\"noopener noreferrer\">\u00a0no site da Sedi<\/a>. O processo seletivo \u00e9 composto pela an\u00e1lise de curr\u00edculo e documentos dos candidatos, al\u00e9m de entrevista individual por compet\u00eancia. Os selecionados participar\u00e3o de uma capacita\u00e7\u00e3o e ter\u00e3o suporte do Sebrae e da Sedi para atuar.<\/div>\n<div>\n<div class=\"mc-column content-text active-extra-styles \" data-block-type=\"unstyled\" data-block-weight=\"35\" data-block-id=\"6\">\n<p class=\"content-text__container \" data-track-category=\"Link no Texto\" data-track-links=\"\">Com o objetivo de estimular a inova\u00e7\u00e3o aberta e intensiva, conectando potenciais empreendedores, empresas, ICTs e o Governo de Goi\u00e1s, os Embaixadores da Inova\u00e7\u00e3o ofertar\u00e3o uma rede de conhecimento, solu\u00e7\u00f5es, contatos e novos neg\u00f3cios, propiciando:<\/p>\n<\/div>\n<div class=\"mc-column content-text active-extra-styles\" data-block-type=\"raw\" data-block-weight=\"27\" data-block-id=\"7\">\n<ul class=\"content-unordered-list\">\n<li>Crescimento econ\u00f4mico<\/li>\n<li>Fomento \u00e0 cria\u00e7\u00e3o de novas startups<\/li>\n<li>Gera\u00e7\u00e3o de emprego e renda<\/li>\n<li>Melhoria das comunidades locais e do ecossistema goiano<\/li>\n<li>Articula\u00e7\u00e3o entre l\u00edderes empreendedores e apoiadores<\/li>\n<\/ul>\n<\/div>\n<div class=\"mc-column content-text active-extra-styles \" data-block-type=\"unstyled\" data-block-weight=\"28\" data-block-id=\"8\">\n<p class=\"content-text__container \" data-track-category=\"Link no Texto\" data-track-links=\"\">Ser\u00e3o selecionados 10 bolsistas plenos e 20 bolsistas juniores, que receber\u00e3o bolsas de pesquisa da Fapeg, com dedica\u00e7\u00e3o exclusiva de 40h semanais, divididos em 10 mesorregi\u00f5es no estado.<\/p>\n<div class=\"mc-column content-text active-extra-styles\" data-block-type=\"raw\" data-block-weight=\"1\" data-block-id=\"9\">\n<div class=\"content-intertitle\">\n<h2>Requisitos<\/h2>\n<\/div>\n<\/div>\n<div class=\"mc-column content-text active-extra-styles \" data-block-type=\"unstyled\" data-block-weight=\"52\" data-block-id=\"10\">\n<p class=\"content-text__container \" data-track-category=\"Link no Texto\" data-track-links=\"\">Para os embaixadores plenos, al\u00e9m da gradua\u00e7\u00e3o, \u00e9 necess\u00e1rio p\u00f3s-gradua\u00e7\u00e3o nas \u00e1reas de tecnologia e inova\u00e7\u00e3o, experi\u00eancia profissional m\u00ednima de seis anos em ecossistemas de inova\u00e7\u00e3o, ter trabalhado em ambientes promotores de inova\u00e7\u00e3o, ter realizado eventos de inova\u00e7\u00e3o e comprovar participa\u00e7\u00e3o em pesquisas de extens\u00e3o na \u00e1rea de tecnologia e inova\u00e7\u00e3o.<\/p>\n<\/div>\n<div class=\"mc-column content-text active-extra-styles \" data-block-type=\"unstyled\" data-block-weight=\"41\" data-block-id=\"11\">\n<p class=\"content-text__container \" data-track-category=\"Link no Texto\" data-track-links=\"\">Para ser um embaixador j\u00fanior, \u00e9 preciso ser graduado em qualquer \u00e1rea de forma\u00e7\u00e3o, ter experi\u00eancia m\u00ednima de dois anos em ecossistemas de inova\u00e7\u00e3o e ter trabalhado em ambientes promotores de inova\u00e7\u00e3o, al\u00e9m de comprovar participa\u00e7\u00e3o em eventos de inova\u00e7\u00e3o.<\/p>\n<p data-track-category=\"Link no Texto\" data-track-links=\"\">Fonte: <a href=\"https:\/\/g1.globo.com\/go\/goias\/noticia\/2022\/07\/13\/programa-de-inovacao-oferece-30-bolsas-de-ate-r-4-mil-para-formacao-de-lideres-em-goias.ghtml\">G1<\/a><\/p>\n<\/div>\n<\/div>\n<\/div>\n<\/div>\n<\/div>\n<\/div>\n","protected":false},"excerpt":{"rendered":"<p>Iniciativa visa formar uma rede de l\u00edderes com o foco<span class=\"excerpt-hellip\"> [\u2026]<\/span><\/p>\n","protected":false},"author":8,"featured_media":41722,"comment_status":"closed","ping_status":"closed","sticky":false,"template":"","format":"standard","meta":{"footnotes":"","_links_to":"","_links_to_target":""},"categories":[3,383],"tags":[],"calendar":[],"_links":{"self":[{"href":"https:\/\/anprotec.org.br\/site\/wp-json\/wp\/v2\/posts\/41721"}],"collection":[{"href":"https:\/\/anprotec.org.br\/site\/wp-json\/wp\/v2\/posts"}],"about":[{"href":"https:\/\/anprotec.org.br\/site\/wp-json\/wp\/v2\/types\/post"}],"author":[{"embeddable":true,"href":"https:\/\/anprotec.org.br\/site\/wp-json\/wp\/v2\/users\/8"}],"replies":[{"embeddable":true,"href":"https:\/\/anprotec.org.br\/site\/wp-json\/wp\/v2\/comments?post=41721"}],"version-history":[{"count":2,"href":"https:\/\/anprotec.org.br\/site\/wp-json\/wp\/v2\/posts\/41721\/revisions"}],"predecessor-version":[{"id":41724,"href":"https:\/\/anprotec.org.br\/site\/wp-json\/wp\/v2\/posts\/41721\/revisions\/41724"}],"wp:featuredmedia":[{"embeddable":true,"href":"https:\/\/anprotec.org.br\/site\/wp-json\/wp\/v2\/media\/41722"}],"wp:attachment":[{"href":"https:\/\/anprotec.org.br\/site\/wp-json\/wp\/v2\/media?parent=41721"}],"wp:term":[{"taxonomy":"category","embeddable":true,"href":"https:\/\/anprotec.org.br\/site\/wp-json\/wp\/v2\/categories?post=41721"},{"taxonomy":"post_tag","embeddable":true,"href":"https:\/\/anprotec.org.br\/site\/wp-json\/wp\/v2\/tags?post=41721"},{"taxonomy":"calendar","embeddable":true,"href":"https:\/\/anprotec.org.br\/site\/wp-json\/wp\/v2\/calendar?post=41721"}],"curies":[{"name":"wp","href":"https:\/\/api.w.org\/{rel}","templated":true}]}}