{"id":41717,"date":"2022-07-13T09:47:11","date_gmt":"2022-07-13T12:47:11","guid":{"rendered":"https:\/\/anprotec.org.br\/site\/?p=41717"},"modified":"2022-07-13T09:47:11","modified_gmt":"2022-07-13T12:47:11","slug":"live-realizada-pelo-ideiaz-conta-como-estruturar-um-modelo-de-negocios-para-transformar-sua-ideia-em-uma-startup","status":"publish","type":"post","link":"https:\/\/anprotec.org.br\/site\/2022\/07\/live-realizada-pelo-ideiaz-conta-como-estruturar-um-modelo-de-negocios-para-transformar-sua-ideia-em-uma-startup\/","title":{"rendered":"Live realizada pelo Ideiaz conta &#8220;Como estruturar um modelo de neg\u00f3cios para transformar sua ideia em uma startup&#8221;"},"content":{"rendered":"<p><img decoding=\"async\" loading=\"lazy\" class=\"size-full wp-image-41718 alignleft\" src=\"https:\/\/anprotec.org.br\/site\/wp-content\/uploads\/2022\/07\/Live-ideiaz.jpg\" alt=\"\" width=\"370\" height=\"235\" srcset=\"https:\/\/anprotec.org.br\/site\/wp-content\/uploads\/2022\/07\/Live-ideiaz.jpg 370w, https:\/\/anprotec.org.br\/site\/wp-content\/uploads\/2022\/07\/Live-ideiaz-300x191.jpg 300w, https:\/\/anprotec.org.br\/site\/wp-content\/uploads\/2022\/07\/Live-ideiaz-230x146.jpg 230w, https:\/\/anprotec.org.br\/site\/wp-content\/uploads\/2022\/07\/Live-ideiaz-50x32.jpg 50w, https:\/\/anprotec.org.br\/site\/wp-content\/uploads\/2022\/07\/Live-ideiaz-118x75.jpg 118w\" sizes=\"(max-width: 370px) 100vw, 370px\" \/>A\u00a0 Anprotec realizou na tarde desta segunda-feira 11.07 a live sobre <strong>\u201cComo estruturar um modelo de neg\u00f3cios para transformar sua ideia em uma startup\u201d,<\/strong> que contou com a participa\u00e7\u00e3o do diretor geral do iDEXO, Vitor Andrade, e a media\u00e7\u00e3o de Polyana Targino, gerente de projetos da Anprotec.<\/p>\n<p>O webinar serviu como um pontap\u00e9 inicial para a abertura do <a href=\"https:\/\/programaideiaz.com.br\/#\">4\u00b0 ciclo do Programa Ideiaz.<\/a><\/p>\n<p>Com 15 anos de experi\u00eancia na lideran\u00e7a de iniciativas de apoio \u00e0 cria\u00e7\u00e3o e o crescimento de startups no Brasil , Vitor que atualmente \u00e9 diretor geral do iDEXO, trouxe \u00e0 tona um pouco da hist\u00f3ria da evolu\u00e7\u00e3o das tecnologias evidenciando o grande marco que foi iniciado em 2007 pelo lan\u00e7amento do Iphone pela Apple.<\/p>\n<p>Sendo uma tem\u00e1tica recorrente nos \u00faltimos tempos, o palestrante tratou sobre a import\u00e2ncia do modelo de neg\u00f3cio durante a cria\u00e7\u00e3o de uma startup, sendo essa a primeira etapa para tentar resolver o problema presente no seu p\u00fablico alvo.<\/p>\n<p>A inova\u00e7\u00e3o de cen\u00e1rios que j\u00e1 existem e a transforma\u00e7\u00e3o em modelos inovadores, \u00e9 a forma certeira de tornar novas possibilidades poss\u00edveis atrav\u00e9s da modifica\u00e7\u00e3o de canais para que eles possam oferecer mais do que eles entregam atualmente.<\/p>\n<p>Ter uma vis\u00e3o hol\u00edstica sobre os h\u00e1bitos do cliente \u00e9 uma potente ferramenta para expandir ecossistemas diferentes, e assim alcan\u00e7ar o p\u00fablico em quest\u00e3o e tamb\u00e9m atingir outras necessidades.<\/p>\n<p>Um exemplo que foi apresentado pelo palestrante, foram os marketplaces que possuem diferentes formas de atendimento que se adaptam ao tipo de problema apresentado, gerando um diferencial na maneira com que eles entregam o servi\u00e7o ou produto ao p\u00fablico final.<\/p>\n<p>O uso do Canvas no desenvolvimento do modelo de neg\u00f3cios \u00e9 essencial para gerenciar as atividades chave do seu neg\u00f3cio, resolver problemas, encontrar parceiros, administrar o capital financeiro, dentre outros pontos importantes que tamb\u00e9m foram citados na live.<\/p>\n<p>As empresas que utilizam a tecnologia para entender o cliente e construir um modelo de neg\u00f3cio diferenciado citadas durante a confer\u00eancia foram 99, Nubank, Ifood e Quinto Andar, que ilustraram as dicas que o Vitor apresentou sobre como \u00e9 poss\u00edvel preencher um gap que est\u00e1 no mercado.<\/p>\n<p>Aprender como o seu servi\u00e7o \u00e9 entregue e sobre as facilidades que ele pode oferecer \u00e9 cada vez mais imprescind\u00edvel.<\/p>\n<p>Atentar-se \u00e0s modifica\u00e7\u00f5es que voc\u00ea quer aplicar no seu modelo de neg\u00f3cio devem ser feitas com cautela, j\u00e1 que muitas vezes a \u00e2nsia por inovar em todos os aspectos pode fazer do seu planejamento um grande erro.<\/p>\n<p>Para finalizar a live Vitor Andrade traz algumas dicas para fazer desse processo algo mais produtivo e mais assertivo, sendo elas:<\/p>\n<p>1-\u00a0 Observe de perto o comportamento do seu cliente<\/p>\n<p>2-\u00a0 Voc\u00ea aprende sobre seu cliente quando ele n\u00e3o est\u00e1 seu cliente<\/p>\n<p>3-\u00a0 Busque por dores (usos) recorrentes<\/p>\n<p>4- Comece pelo simples: persona, produto, jeito de vender e canal de distribui\u00e7\u00e3o<\/p>\n<p>5- Startup \u00e9 uma empresa e precisa parar em p\u00e9<\/p>\n<p>Confira a live na \u00edntegra em <a href=\"https:\/\/www.youtube.com\/watch?v=QXNq7OOKeK4\">https:\/\/www.youtube.com\/watch?v=QXNq7OOKeK4<\/a><\/p>\n<h5><strong>Programa Ideiaz<\/strong><\/h5>\n<p>Ao final do evento, a gerente de projetos da Anprotec, Polyana Targino, divulgou a abertura das inscri\u00e7\u00f5es para o 4\u00b0 Ciclo do Programa Ideiaz. O Ideiaz \u00e9 um programa que tem como objetivo selecionar projetos em est\u00e1gio de idea\u00e7\u00e3o que recebem, gratuitamente, mentorias, assessorias, consultorias e qualifica\u00e7\u00f5es 100% online para desenvolver seu neg\u00f3cio.<\/p>\n<p>Os projetos selecionados s\u00e3o atendidos pelas incubadoras e aceleradoras de todo o pa\u00eds credenciadas no programa. Pelo menos, 1\/3 das vagas s\u00e3o destinadas \u00e0s ideias das regi\u00f5es Norte, Nordeste e Centro-Oeste e 20% das vagas reservadas para os projetos de impacto socioambiental.<\/p>\n<p>Saiba mais sobre o programa em <a href=\"https:\/\/programaideiaz.com.br\/#\">https:\/\/programaideiaz.com.br\/#<\/a><\/p>\n","protected":false},"excerpt":{"rendered":"<p>A\u00a0 Anprotec realizou na tarde desta segunda-feira 11.07 a live<span class=\"excerpt-hellip\"> [\u2026]<\/span><\/p>\n","protected":false},"author":8,"featured_media":41718,"comment_status":"closed","ping_status":"closed","sticky":false,"template":"","format":"standard","meta":{"footnotes":"","_links_to":"","_links_to_target":""},"categories":[3],"tags":[],"calendar":[],"_links":{"self":[{"href":"https:\/\/anprotec.org.br\/site\/wp-json\/wp\/v2\/posts\/41717"}],"collection":[{"href":"https:\/\/anprotec.org.br\/site\/wp-json\/wp\/v2\/posts"}],"about":[{"href":"https:\/\/anprotec.org.br\/site\/wp-json\/wp\/v2\/types\/post"}],"author":[{"embeddable":true,"href":"https:\/\/anprotec.org.br\/site\/wp-json\/wp\/v2\/users\/8"}],"replies":[{"embeddable":true,"href":"https:\/\/anprotec.org.br\/site\/wp-json\/wp\/v2\/comments?post=41717"}],"version-history":[{"count":1,"href":"https:\/\/anprotec.org.br\/site\/wp-json\/wp\/v2\/posts\/41717\/revisions"}],"predecessor-version":[{"id":41719,"href":"https:\/\/anprotec.org.br\/site\/wp-json\/wp\/v2\/posts\/41717\/revisions\/41719"}],"wp:featuredmedia":[{"embeddable":true,"href":"https:\/\/anprotec.org.br\/site\/wp-json\/wp\/v2\/media\/41718"}],"wp:attachment":[{"href":"https:\/\/anprotec.org.br\/site\/wp-json\/wp\/v2\/media?parent=41717"}],"wp:term":[{"taxonomy":"category","embeddable":true,"href":"https:\/\/anprotec.org.br\/site\/wp-json\/wp\/v2\/categories?post=41717"},{"taxonomy":"post_tag","embeddable":true,"href":"https:\/\/anprotec.org.br\/site\/wp-json\/wp\/v2\/tags?post=41717"},{"taxonomy":"calendar","embeddable":true,"href":"https:\/\/anprotec.org.br\/site\/wp-json\/wp\/v2\/calendar?post=41717"}],"curies":[{"name":"wp","href":"https:\/\/api.w.org\/{rel}","templated":true}]}}