{"id":41657,"date":"2022-07-06T11:57:32","date_gmt":"2022-07-06T14:57:32","guid":{"rendered":"https:\/\/anprotec.org.br\/site\/?p=41657"},"modified":"2025-02-25T13:19:03","modified_gmt":"2025-02-25T16:19:03","slug":"finep-mcti-lanca-editais-de-bioeconomia-para-empresas-e-icts","status":"publish","type":"post","link":"https:\/\/anprotec.org.br\/site\/2022\/07\/finep-mcti-lanca-editais-de-bioeconomia-para-empresas-e-icts\/","title":{"rendered":"Finep\/MCTI lan\u00e7a editais de Bioeconomia para empresas e ICTs"},"content":{"rendered":"<div id=\"attachment_41658\" style=\"width: 452px\" class=\"wp-caption alignleft\"><img aria-describedby=\"caption-attachment-41658\" decoding=\"async\" loading=\"lazy\" class=\"wp-image-41658\" src=\"https:\/\/anprotec.org.br\/site\/wp-content\/uploads\/2022\/07\/bioeco.png\" alt=\"\" width=\"442\" height=\"263\" srcset=\"https:\/\/anprotec.org.br\/site\/wp-content\/uploads\/2022\/07\/bioeco.png 504w, https:\/\/anprotec.org.br\/site\/wp-content\/uploads\/2022\/07\/bioeco-300x179.png 300w, https:\/\/anprotec.org.br\/site\/wp-content\/uploads\/2022\/07\/bioeco-270x160.png 270w, https:\/\/anprotec.org.br\/site\/wp-content\/uploads\/2022\/07\/bioeco-245x146.png 245w, https:\/\/anprotec.org.br\/site\/wp-content\/uploads\/2022\/07\/bioeco-50x30.png 50w, https:\/\/anprotec.org.br\/site\/wp-content\/uploads\/2022\/07\/bioeco-126x75.png 126w\" sizes=\"(max-width: 442px) 100vw, 442px\" \/><p id=\"caption-attachment-41658\" class=\"wp-caption-text\">Imagem: Shutterstock<\/p><\/div>\n<p>A Finep e o Minist\u00e9rio da Ci\u00eancia, Tecnologia e Inova\u00e7\u00f5es (MCTI) lan\u00e7aram, no dia 1\/7, dois editais voltados para a \u00e1rea de Bioeconomia. A\u00a0<a href=\"http:\/\/www.finep.gov.br\/chamadas-publicas\/chamadapublica\/690\" target=\"_blank\" rel=\"noopener noreferrer\"><strong>Sele\u00e7\u00e3o P\u00fablica Finep\/MCTI Programa Cadeias Produtivas da Bioeconomia<\/strong><\/a>\u00a0vai destinar R$ 28 milh\u00f5es em recursos n\u00e3o reembols\u00e1veis do FNDCT para projetos liderados por ICTs brasileiras que solucionem os gargalos cient\u00edficos e tecnol\u00f3gicos existentes na estrutura\u00e7\u00e3o das cadeias produtivas baseadas na biodiversidade brasileira, tais como o aproveitamento de res\u00edduos, a utiliza\u00e7\u00e3o eficiente da mat\u00e9ria-prima, o desenvolvimento de novos produtos baseados na biodiversidade local, entre outros.<\/p>\n<p>Existem gargalos no processamento e armazenamento de frutos e castanhas, por exemplo, bem como problemas de padroniza\u00e7\u00e3o, de aus\u00eancia de boas pr\u00e1ticas de manejo e processamento, que dificultam o estabelecimento de um padr\u00e3o comercial que a ind\u00fastria possa usar.<\/p>\n<p>Essas solu\u00e7\u00f5es dever\u00e3o demonstrar os ganhos esperados e seu potencial de agrega\u00e7\u00e3o de valor para o benef\u00edcio das popula\u00e7\u00f5es locais que atuam nos elos iniciais das cadeias produtivas de bioeconomia, melhorando sua qualidade de vida.<\/p>\n<p>O recebimento de propostas vai at\u00e9 30 de novembro. O valor aplicado, por projeto, ser\u00e1 de um m\u00ednimo de R$ 500 mil ao teto de R$ 2 milh\u00f5es.<\/p>\n<p>J\u00e1 a\u00a0<a href=\"http:\/\/www.finep.gov.br\/chamadas-publicas\/chamadapublica\/691\" target=\"_blank\" rel=\"noopener noreferrer\"><strong>Sele\u00e7\u00e3o P\u00fablica Bioeconomia em Biomas Brasileiros<\/strong><\/a>, no valor de R$ 12 milh\u00f5es de recursos de Subven\u00e7\u00e3o Econ\u00f4mica, destina-se a projetos de empresas, buscando assim consolidar neg\u00f3cios sustent\u00e1veis a partir da biodiversidade brasileira, aumentar a oferta de empregos e renda e garantir a seguran\u00e7a alimentar e nutricional. Objetiva ainda a preserva\u00e7\u00e3o dos biomas brasileiros atrav\u00e9s de um desenvolvimento socioecon\u00f4mico sustent\u00e1vel e associado \u00e0 biodiversidade nacional.<\/p>\n<p>Em comum, ambos os editais t\u00eam como exig\u00eancia de que os proponentes apresentem Carta de Anu\u00eancia das comunidades locais, onde os biomas objeto das propostas, se localizam. A medida visa o trabalho conjunto com essas comunidades garantindo a prote\u00e7\u00e3o do bioma e focando em suas reais necessidades de desenvolvimento.<\/p>\n","protected":false},"excerpt":{"rendered":"<p>A Finep e o Minist\u00e9rio da Ci\u00eancia, Tecnologia e Inova\u00e7\u00f5es<span class=\"excerpt-hellip\"> [\u2026]<\/span><\/p>\n","protected":false},"author":8,"featured_media":41658,"comment_status":"closed","ping_status":"closed","sticky":false,"template":"","format":"standard","meta":{"footnotes":"","_links_to":"","_links_to_target":""},"categories":[3,383],"tags":[],"calendar":[],"_links":{"self":[{"href":"https:\/\/anprotec.org.br\/site\/wp-json\/wp\/v2\/posts\/41657"}],"collection":[{"href":"https:\/\/anprotec.org.br\/site\/wp-json\/wp\/v2\/posts"}],"about":[{"href":"https:\/\/anprotec.org.br\/site\/wp-json\/wp\/v2\/types\/post"}],"author":[{"embeddable":true,"href":"https:\/\/anprotec.org.br\/site\/wp-json\/wp\/v2\/users\/8"}],"replies":[{"embeddable":true,"href":"https:\/\/anprotec.org.br\/site\/wp-json\/wp\/v2\/comments?post=41657"}],"version-history":[{"count":2,"href":"https:\/\/anprotec.org.br\/site\/wp-json\/wp\/v2\/posts\/41657\/revisions"}],"predecessor-version":[{"id":49116,"href":"https:\/\/anprotec.org.br\/site\/wp-json\/wp\/v2\/posts\/41657\/revisions\/49116"}],"wp:featuredmedia":[{"embeddable":true,"href":"https:\/\/anprotec.org.br\/site\/wp-json\/wp\/v2\/media\/41658"}],"wp:attachment":[{"href":"https:\/\/anprotec.org.br\/site\/wp-json\/wp\/v2\/media?parent=41657"}],"wp:term":[{"taxonomy":"category","embeddable":true,"href":"https:\/\/anprotec.org.br\/site\/wp-json\/wp\/v2\/categories?post=41657"},{"taxonomy":"post_tag","embeddable":true,"href":"https:\/\/anprotec.org.br\/site\/wp-json\/wp\/v2\/tags?post=41657"},{"taxonomy":"calendar","embeddable":true,"href":"https:\/\/anprotec.org.br\/site\/wp-json\/wp\/v2\/calendar?post=41657"}],"curies":[{"name":"wp","href":"https:\/\/api.w.org\/{rel}","templated":true}]}}